{"id":830,"date":"2018-09-20T16:25:22","date_gmt":"2018-09-20T14:25:22","guid":{"rendered":"https:\/\/skrivovin.se\/?p=830"},"modified":"2018-09-20T17:09:11","modified_gmt":"2018-09-20T15:09:11","slug":"en-fjallvandring","status":"publish","type":"post","link":"https:\/\/skrivovin.se\/index.php\/2018\/09\/20\/en-fjallvandring\/","title":{"rendered":"En fj\u00e4llvandring"},"content":{"rendered":"<p>Denna sommar har jag inte vandrat i fj\u00e4llen lika m\u00e5nga g\u00e5nger som jag brukar. N\u00e5gra extrauppdrag, alltf\u00f6r varmt f\u00f6r en isbj\u00f6rn som jag och n\u00e5gra resor har kommit emellan. Men s\u00e4songen \u00e4r inte \u00f6ver \u00e4n s\u00e5 n\u00e5gra dagar till hoppas jag kunna befinna mig ovan tr\u00e4dgr\u00e4nsen.<\/p>\n<p>Mentalt \u00e4r jag dock ofta ute p\u00e5 fj\u00e4llvidderna och jag har d\u00e4rf\u00f6r roat mig med att g\u00f6ra en <strong>fiktiv vandring, byggd p\u00e5 k\u00e4nslor, tankar, minnen, upplevelser och bilder.<\/strong><\/p>\n<p>H\u00e4ng p\u00e5:<\/p>\n<p><img loading=\"lazy\" decoding=\"async\" class=\"wp-image-831 aligncenter\" src=\"https:\/\/skrivovin.se\/wp-content\/uploads\/2018\/09\/Mot-\u00d6sterfj\u00e4llet-2003-06-01-ryggs\u00e4ck-300x225.jpg\" alt=\"\" width=\"416\" height=\"312\" srcset=\"https:\/\/skrivovin.se\/wp-content\/uploads\/2018\/09\/Mot-\u00d6sterfj\u00e4llet-2003-06-01-ryggs\u00e4ck-300x225.jpg 300w, https:\/\/skrivovin.se\/wp-content\/uploads\/2018\/09\/Mot-\u00d6sterfj\u00e4llet-2003-06-01-ryggs\u00e4ck-768x576.jpg 768w, https:\/\/skrivovin.se\/wp-content\/uploads\/2018\/09\/Mot-\u00d6sterfj\u00e4llet-2003-06-01-ryggs\u00e4ck-1024x768.jpg 1024w, https:\/\/skrivovin.se\/wp-content\/uploads\/2018\/09\/Mot-\u00d6sterfj\u00e4llet-2003-06-01-ryggs\u00e4ck.jpg 1600w\" sizes=\"auto, (max-width: 416px) 100vw, 416px\" \/><\/p>\n<p><strong>Jag ser och k\u00e4nner fj\u00e4llets skiftningar<\/strong> n\u00e4r jag vandrar l\u00e4ngs stigen. Vyerna avl\u00f6ser varandra. N\u00e4r jag kommit till f\u00f6rsta kanten m\u00f6ts jag a en ny kant och sen av \u00e4nnu en. N\u00e4r jag v\u00e4nder mig och ser utsikten k\u00e4nner jag hur liten jag \u00e4r. Framf\u00f6r mig breder m\u00e5nga mil vacker natur ut sig.<br \/>\nEn l\u00e4tt bris smeker kinden och jag h\u00f6r pl\u00f6tsligt ett svagt muller av n\u00e5gra stenar som ramlar och studsar till f\u00f6r att sedan l\u00e4gga sig till ro. Mullret glider sedan iv\u00e4g.<\/p>\n<p><img loading=\"lazy\" decoding=\"async\" class=\" wp-image-832 aligncenter\" src=\"https:\/\/skrivovin.se\/wp-content\/uploads\/2018\/09\/DSC01420-300x216.jpg\" alt=\"\" width=\"424\" height=\"306\" srcset=\"https:\/\/skrivovin.se\/wp-content\/uploads\/2018\/09\/DSC01420-300x216.jpg 300w, https:\/\/skrivovin.se\/wp-content\/uploads\/2018\/09\/DSC01420-768x553.jpg 768w, https:\/\/skrivovin.se\/wp-content\/uploads\/2018\/09\/DSC01420-1024x738.jpg 1024w\" sizes=\"auto, (max-width: 424px) 100vw, 424px\" \/><\/p>\n<p>P\u00e5 leden l\u00e5ngt framf\u00f6r mig ser jag tv\u00e5 personer. De stannar, lyssnar och pratar. Den ene pekar mot n\u00e5got som jag inte ser vad det \u00e4r. Sedan forts\u00e4tter de sakta sin vandring.<\/p>\n<p>Vid en smal liten b\u00e4ck som slingrar sig fram h\u00f6r jag ett hur det porlar. Vattendropparna hoppar och bl\u00e4nker i solskenet n\u00e4stan som de skulle vilja s\u00e4ga \u201dta fast mig om du hinner\u201d<\/p>\n<p>Efter b\u00e4cken n\u00e4r jag passerat en liten brant hoppar en Ljungpipare fram. Den har nog flugit iv\u00e4g fr\u00e5n sina ungar och landar n\u00e5gra meter framf\u00f6r mig. Sedan b\u00f6rjar den hoppa och tar sig l\u00e4tt haltande in i ljungen till v\u00e4nster om stigen:<br \/>\n&#8211; Din lilla sk\u00e4mtare, s\u00e4ger jag till den och vet att den har sitt bo och sina ungar n\u00e5gonstans p\u00e5 h\u00f6gra sidan stigen.<\/p>\n<p><img loading=\"lazy\" decoding=\"async\" class=\" wp-image-833 aligncenter\" src=\"https:\/\/skrivovin.se\/wp-content\/uploads\/2018\/09\/Vattenfallet-vid-Fj\u00e4llg\u00e5rden-261x300.jpg\" alt=\"\" width=\"366\" height=\"422\" srcset=\"https:\/\/skrivovin.se\/wp-content\/uploads\/2018\/09\/Vattenfallet-vid-Fj\u00e4llg\u00e5rden-261x300.jpg 261w, https:\/\/skrivovin.se\/wp-content\/uploads\/2018\/09\/Vattenfallet-vid-Fj\u00e4llg\u00e5rden-891x1024.jpg 891w\" sizes=\"auto, (max-width: 366px) 100vw, 366px\" \/><\/p>\n<p>N\u00e4r n\u00e5gra l\u00e4tta moln dragit f\u00f6rbi kommer solen tillbaka samtidigt som jag kommit fram till en liten tj\u00e4rn. <strong>Str\u00e5larna n\u00e5r vattenytan och det blir speglingar.<\/strong> Jag skymtar en sten under ytan innan en l\u00e4tt krusning g\u00f6r att den f\u00f6rsvinner igen.<br \/>\nDen kommer strax tillbaka och nu vinkar den till mig. Den verkar trivas d\u00e4r strax under ytan n\u00e4r den n\u00e5s av solstr\u00e5larna.<br \/>\nEn m\u00e5s flyger \u00f6ver tj\u00e4rnen och dyker f\u00f6r att bara v\u00e4nda upp\u00e5t igen. Fanns inget att h\u00e4mta. Den s\u00e4tter sig p\u00e5 ett gammalt ledkors n\u00e5gra meter d\u00e4rifr\u00e5n och spanar mot vattnet.<br \/>\nH\u00f6gt upp mot det bl\u00e5 sv\u00e4var en h\u00f6k. Den har \u00e4nnu b\u00e4ttre utsikt \u00e4n vad jag har, vilket den ocks\u00e5 verkar vilja tala om. N\u00e4r den flyger \u00f6ver mig f\u00f6r tredje g\u00e5ngen k\u00e4nns det som den vill s\u00e4ga:<br \/>\n&#8211; Kom hit upp, det \u00e4r fint h\u00e4r.<\/p>\n<p><img loading=\"lazy\" decoding=\"async\" class=\" wp-image-834 aligncenter\" src=\"https:\/\/skrivovin.se\/wp-content\/uploads\/2018\/09\/DSC02563-300x205.jpg\" alt=\"\" width=\"392\" height=\"269\" srcset=\"https:\/\/skrivovin.se\/wp-content\/uploads\/2018\/09\/DSC02563-300x205.jpg 300w, https:\/\/skrivovin.se\/wp-content\/uploads\/2018\/09\/DSC02563-1024x699.jpg 1024w\" sizes=\"auto, (max-width: 392px) 100vw, 392px\" \/><\/p>\n<p>Mellan de sm\u00e5 krusningarna p\u00e5 vattenytan ser jag stenen g\u00e5ng p\u00e5 g\u00e5ng, den vinkar verkligen. <strong>Den \u00e4r nog p\u00e5 lika bara hum\u00f6r som jag \u00e4r.<\/strong><\/p>\n<p>Jag forts\u00e4tter sakta l\u00e4ngs stigen innan jag stannar och v\u00e4nder mig om. Stenen \u00e4r d\u00e4r och forts\u00e4tter att vinka. Jag g\u00e5r bakl\u00e4nges. Det k\u00e4nns som n\u00e5gon slags f\u00f6rtrollning. Jag vill h\u00e5lla kvar den h\u00e4r stunden, den \u00e4r alltf\u00f6r vacker f\u00f6r att f\u00e5 f\u00f6rsvinna.<\/p>\n<p>En stund senare tar jag av mig ryggs\u00e4cken och rullar ut liggunderlaget. Det \u00e4r dags f\u00f6r en fikapaus. Den svaga vinden g\u00f6r att solen inte k\u00e4nns alltf\u00f6r stark och jag bryr mig inte om att s\u00f6ka l\u00e4. Min fikaplats blir direkt p\u00e5 ljungen p\u00e5 en liten h\u00f6jd s\u00e5 att jag kan forts\u00e4tta att betrakta den lilla tj\u00e4rnen. Men den vinkande stenen ser jag inte l\u00e4ngre.<\/p>\n<p><strong>B\u00e4cken, tj\u00e4rnen, h\u00f6ken, stenen har gjort att dagen n\u00e4stan k\u00e4nns f\u00f6rtrollad och jag befinner mig i en harmonisk sinnesst\u00e4mning.<\/strong><\/p>\n<p><strong>Jag vill inte byta det h\u00e4r fikast\u00e4llet, mot n\u00e5got annat lunchst\u00e4lle<\/strong>. Mackorna och kaffet smakar b\u00e4ttre \u00e4n alla luncher och middagar jag \u00e4tit p\u00e5 fina restauranger runt om i v\u00e4rlden.<\/p>\n<p><strong>Bel\u00e5tet str\u00e4cker jag ut mig p\u00e5 liggunderlaget<\/strong>. De h\u00e4r stunderna p\u00e5 fj\u00e4llet \u00e4r guld v\u00e4rda. Att vara m\u00e4tt, n\u00f6jd och f\u00e5 l\u00e4gga sig ner och bara l\u00e5ta tankarna sv\u00e4va iv\u00e4g. M\u00e5nga id\u00e9er har kommit till mig under s\u00e5dana h\u00e4r stunder och jag k\u00e4nner mig om\u00e5ttligt rik som f\u00e5r uppleva detta.<\/p>\n<p>Jag t\u00e4nker p\u00e5 m\u00e5nga av mina medm\u00e4nniskor som stressat springer fr\u00e5n m\u00f6te till m\u00f6te i tron att de \u00e4r viktiga. Att deras n\u00e4rvaro p\u00e5 alla platser, helst samtidigt, \u00e4r avg\u00f6rande f\u00f6r deras, f\u00f6retagets, ja n\u00e4stan v\u00e4rldens \u00f6verlevnad.<\/p>\n<p>Som tack f\u00f6r stressen kommer som ett brev p\u00e5 posten utbr\u00e4ndhet, sjukdomar och illam\u00e5ende.<\/p>\n<p>I n\u00e4sta steg s\u00e5 har deras uppdragsgivare uppt\u00e4ckt att verksamheten fungerar \u00e4ven om stresspellen \u00e4r sjukskriven och meddelar honom\/henne att han\/hon inte beh\u00f6vs efter sjukskrivningen. <strong>Men tack f\u00f6r dina insatser\u2026\u2026<\/strong><\/p>\n<p>&nbsp;<\/p>\n<p><img loading=\"lazy\" decoding=\"async\" class=\" wp-image-296 aligncenter\" src=\"https:\/\/skrivovin.se\/wp-content\/uploads\/2018\/03\/Torbj\u00f6rn-p\u00e5-rygg-300x300.jpg\" alt=\"\" width=\"333\" height=\"333\" srcset=\"https:\/\/skrivovin.se\/wp-content\/uploads\/2018\/03\/Torbj\u00f6rn-p\u00e5-rygg-300x300.jpg 300w, https:\/\/skrivovin.se\/wp-content\/uploads\/2018\/03\/Torbj\u00f6rn-p\u00e5-rygg-150x150.jpg 150w, https:\/\/skrivovin.se\/wp-content\/uploads\/2018\/03\/Torbj\u00f6rn-p\u00e5-rygg.jpg 336w\" sizes=\"auto, (max-width: 333px) 100vw, 333px\" \/><\/p>\n<p>Jag l\u00e5ter tankarna sv\u00e4va fritt en stund till, tills jag n\u00e4stan d\u00e5sigt h\u00f6r hur n\u00e5gon grymtar till. Tittar upp och skrattar till. Dessa h\u00e4rliga renar. S\u00e5 nyfikna men \u00e4nd\u00e5 s\u00e5 skygga. Tio stycken stirrar envist p\u00e5 mig men kommer inte n\u00e4rmare \u00e4n tio meter. Jag s\u00e4tter mig p\u00e5 liggunderlaget och de flyter iv\u00e4g p\u00e5 ljungen. <strong>H\u00f6gburet huvud och en stolt uppsyn. Fj\u00e4llens skepp.<\/strong><\/p>\n<p>Himlen har m\u00f6rknat och regnet n\u00e4rmar sig. Renarna hade nog ansett att jag hade vilat tillr\u00e4ckligt i deras omr\u00e5de och att jag borde g\u00e5 hem innan jag blev bl\u00f6t.<\/p>\n<p>&nbsp;<\/p>\n<p><img loading=\"lazy\" decoding=\"async\" class=\" wp-image-835 aligncenter\" src=\"https:\/\/skrivovin.se\/wp-content\/uploads\/2018\/09\/DSC03401-300x225.jpg\" alt=\"\" width=\"345\" height=\"259\" srcset=\"https:\/\/skrivovin.se\/wp-content\/uploads\/2018\/09\/DSC03401-300x225.jpg 300w, https:\/\/skrivovin.se\/wp-content\/uploads\/2018\/09\/DSC03401.jpg 640w\" sizes=\"auto, (max-width: 345px) 100vw, 345px\" \/><\/p>\n","protected":false},"excerpt":{"rendered":"<p>Denna sommar har jag inte vandrat i fj\u00e4llen lika m\u00e5nga g\u00e5nger som jag brukar. N\u00e5gra extrauppdrag, alltf\u00f6r varmt f\u00f6r en isbj\u00f6rn som jag och n\u00e5gra resor har kommit emellan. Men s\u00e4songen \u00e4r inte \u00f6ver \u00e4n s\u00e5 n\u00e5gra dagar till hoppas&#8230;<\/p>\n","protected":false},"author":2,"featured_media":308,"comment_status":"open","ping_status":"open","sticky":false,"template":"","format":"standard","meta":{"jetpack_post_was_ever_published":false,"_jetpack_newsletter_access":"","_jetpack_dont_email_post_to_subs":false,"_jetpack_newsletter_tier_id":0,"_jetpack_memberships_contains_paywalled_content":false,"_jetpack_memberships_contains_paid_content":false,"footnotes":""},"categories":[8],"tags":[],"class_list":["post-830","post","type-post","status-publish","format-standard","has-post-thumbnail","hentry","category-runudden"],"jetpack_featured_media_url":"https:\/\/skrivovin.se\/wp-content\/uploads\/2018\/03\/Renar.jpg","jetpack_sharing_enabled":true,"_links":{"self":[{"href":"https:\/\/skrivovin.se\/index.php\/wp-json\/wp\/v2\/posts\/830","targetHints":{"allow":["GET"]}}],"collection":[{"href":"https:\/\/skrivovin.se\/index.php\/wp-json\/wp\/v2\/posts"}],"about":[{"href":"https:\/\/skrivovin.se\/index.php\/wp-json\/wp\/v2\/types\/post"}],"author":[{"embeddable":true,"href":"https:\/\/skrivovin.se\/index.php\/wp-json\/wp\/v2\/users\/2"}],"replies":[{"embeddable":true,"href":"https:\/\/skrivovin.se\/index.php\/wp-json\/wp\/v2\/comments?post=830"}],"version-history":[{"count":3,"href":"https:\/\/skrivovin.se\/index.php\/wp-json\/wp\/v2\/posts\/830\/revisions"}],"predecessor-version":[{"id":838,"href":"https:\/\/skrivovin.se\/index.php\/wp-json\/wp\/v2\/posts\/830\/revisions\/838"}],"wp:featuredmedia":[{"embeddable":true,"href":"https:\/\/skrivovin.se\/index.php\/wp-json\/wp\/v2\/media\/308"}],"wp:attachment":[{"href":"https:\/\/skrivovin.se\/index.php\/wp-json\/wp\/v2\/media?parent=830"}],"wp:term":[{"taxonomy":"category","embeddable":true,"href":"https:\/\/skrivovin.se\/index.php\/wp-json\/wp\/v2\/categories?post=830"},{"taxonomy":"post_tag","embeddable":true,"href":"https:\/\/skrivovin.se\/index.php\/wp-json\/wp\/v2\/tags?post=830"}],"curies":[{"name":"wp","href":"https:\/\/api.w.org\/{rel}","templated":true}]}}