{"id":7180,"date":"2025-01-26T09:53:15","date_gmt":"2025-01-26T08:53:15","guid":{"rendered":"https:\/\/skrivovin.se\/?p=7180"},"modified":"2025-01-26T09:53:15","modified_gmt":"2025-01-26T08:53:15","slug":"anne-frank-och-nazismens-offer-27-januari","status":"publish","type":"post","link":"https:\/\/skrivovin.se\/index.php\/2025\/01\/26\/anne-frank-och-nazismens-offer-27-januari\/","title":{"rendered":"Anne Frank och nazismens offer &#8211; 27 januari"},"content":{"rendered":"\n<p>I morgon \u00e4r det 80 \u00e5r sedan koncentrationsl\u00e4gret Auschwitz-Birkenau befriades och nazismens och f\u00f6rintelsens offer tydliggjordes f\u00f6r v\u00e4rlden. P\u00e5 n\u00e5got s\u00e4tt \u00f6ppnades d\u00f6rrarna och sinnena f\u00f6r omv\u00e4rlden om vad nazismen har \u00e5stadkommit och v\u00e4rlden enades om &#8221;att detta f\u00e5r inte ske igen.&#8221; <br><br>Men v\u00e4rlden har gl\u00f6mt. Det gick fort och nu sprids samma krafter igen. Fr\u00e5n flera h\u00e5ll samtidigt dessutom och m\u00e5nga, v\u00e4ldigt m\u00e5nga hejar p\u00e5 n\u00e4r stora k\u00e4nda m\u00e4n heilar framf\u00f6r kamerorna och budskapet sprids med blixtens hastighet genom alla digitala medier vi har  tillg\u00e5ng till. Medier som dessutom inte beh\u00f6ver bry sig om vad som \u00e4r sanning och vad som \u00e4r falskt. <br><br><strong>Anne Frank <\/strong><br>Jag vill uppeh\u00e5lla mig vid ett av nazismens offer. Anne Frank, blev bara sexton \u00e5r och hennes brott var, att hon var judinna. <\/p>\n\n\n\n<p>Hon l\u00e4mnade efter sig dagboksanteckningar som har blivit k\u00e4nda och spridda \u00f6ver hela v\u00e4rlden och \u00f6versatta till minst 50 spr\u00e5k. Anteckningar som hon fick h\u00e5lla g\u00f6mda. De kunde annars vara farliga f\u00f6r makthavarna. <br>Hon skrev m\u00e5nga kloka saker i Kitty, som hon kallade sin dagbok, tankar och k\u00e4nslor som skulle beh\u00f6vas idag n\u00e4r rasismen v\u00e4xer sig allt starkare. Det verkar inte som vi m\u00e4nniskor har l\u00e4rt oss n\u00e5gonting sedan 1945 d\u00e5 Anne dog i koncentrationsl\u00e4gret Bergen-Belsen.<\/p>\n\n\n\n<p>Hon b\u00f6rjade hon med:<br><em>Jag hoppas att jag skall kunna anf\u00f6rtro dig allt, som jag hittills inte har kunnat anf\u00f6rtro mig \u00e5t n\u00e5gon, och jag tror att du kommer h\u00e5lla det hemligt.<\/em><br><br>Ett knappt \u00e5r f\u00f6re hennes d\u00f6d kunde man l\u00e4sa:<br><em>Jag vill se mig om i v\u00e4rlden och uppleva en massa sp\u00e4nnande saker<\/em><br><br>Och trots den fruktansv\u00e4rda situation som hon och hennes familj var f\u00f6rsatta i s\u00e5 tappade hon aldrig tron p\u00e5 m\u00e4nniskorna. En kort tid innan hon dog skrev hon:<br><br><em>T\u00e4nk s\u00e5 underbart det \u00e4r, att ingen beh\u00f6ver v\u00e4nta ett enda \u00f6gonblick innan de b\u00f6rjar med att g\u00f6ra v\u00e4rlden b\u00e4ttre p\u00e5 n\u00e5got s\u00e4tt.<\/em><\/p>\n\n\n\n<p>Varf\u00f6r skulle inte hon, sexton \u00e5r gammal f\u00e5 se sig om i v\u00e4rlden? Det \u00f6gonblick hon dr\u00f6mde om verkar fortfarande, \u00e5ttio \u00e5r senare, inte kommit.<\/p>\n\n\n\n<p><strong>Vad h\u00e4nder ist\u00e4llet.<\/strong><br>Man sluter sig bakom nya murar, och uppfinningsrikedomen \u00e4r fantastisk n\u00e4r det g\u00e4ller att hitta argument f\u00f6r att inte beh\u00f6va ta emot nya m\u00e4nniskor.  <\/p>\n\n\n\n<p>Antalet flyktingar har enligt UNHCR aldrig varit s\u00e5 stort. Omkring 120 miljoner m\u00e4nniskor anses vara p\u00e5 flykt. N\u00e4stan lika m\u00e5nga som Japans befolkning. <\/p>\n\n\n\n<p>I morgon hedras nazismens offer p\u00e5 m\u00e5nga st\u00e4llen. Jag kommer att g\u00f6ra det i \u00d6stersund. \u00c4r du med?<\/p>\n\n\n<div class=\"wp-block-image\">\n<figure class=\"aligncenter size-large is-resized\"><img loading=\"lazy\" decoding=\"async\" width=\"940\" height=\"1024\" src=\"https:\/\/skrivovin.se\/wp-content\/uploads\/2025\/01\/2018-05-07-16.25.20-940x1024.jpg\" alt=\"\" class=\"wp-image-7182\" style=\"width:315px;height:auto\" srcset=\"https:\/\/skrivovin.se\/wp-content\/uploads\/2025\/01\/2018-05-07-16.25.20-940x1024.jpg 940w, https:\/\/skrivovin.se\/wp-content\/uploads\/2025\/01\/2018-05-07-16.25.20-275x300.jpg 275w, https:\/\/skrivovin.se\/wp-content\/uploads\/2025\/01\/2018-05-07-16.25.20-768x837.jpg 768w, https:\/\/skrivovin.se\/wp-content\/uploads\/2025\/01\/2018-05-07-16.25.20-1410x1536.jpg 1410w, https:\/\/skrivovin.se\/wp-content\/uploads\/2025\/01\/2018-05-07-16.25.20-1880x2048.jpg 1880w\" sizes=\"auto, (max-width: 940px) 100vw, 940px\" \/><\/figure>\n<\/div>","protected":false},"excerpt":{"rendered":"<p>I morgon \u00e4r det 80 \u00e5r sedan koncentrationsl\u00e4gret Auschwitz-Birkenau befriades och nazismens och f\u00f6rintelsens offer tydliggjordes f\u00f6r v\u00e4rlden. P\u00e5 n\u00e5got s\u00e4tt \u00f6ppnades d\u00f6rrarna och sinnena f\u00f6r omv\u00e4rlden om vad nazismen har \u00e5stadkommit och v\u00e4rlden enades om &#8221;att detta f\u00e5r inte&#8230;<\/p>\n","protected":false},"author":2,"featured_media":7182,"comment_status":"open","ping_status":"open","sticky":false,"template":"","format":"standard","meta":{"jetpack_post_was_ever_published":false,"_jetpack_newsletter_access":"","_jetpack_dont_email_post_to_subs":false,"_jetpack_newsletter_tier_id":0,"_jetpack_memberships_contains_paywalled_content":false,"_jetpack_memberships_contains_paid_content":false,"footnotes":""},"categories":[8],"tags":[],"class_list":["post-7180","post","type-post","status-publish","format-standard","has-post-thumbnail","hentry","category-runudden"],"jetpack_featured_media_url":"https:\/\/skrivovin.se\/wp-content\/uploads\/2025\/01\/2018-05-07-16.25.20-scaled.jpg","jetpack_sharing_enabled":true,"_links":{"self":[{"href":"https:\/\/skrivovin.se\/index.php\/wp-json\/wp\/v2\/posts\/7180","targetHints":{"allow":["GET"]}}],"collection":[{"href":"https:\/\/skrivovin.se\/index.php\/wp-json\/wp\/v2\/posts"}],"about":[{"href":"https:\/\/skrivovin.se\/index.php\/wp-json\/wp\/v2\/types\/post"}],"author":[{"embeddable":true,"href":"https:\/\/skrivovin.se\/index.php\/wp-json\/wp\/v2\/users\/2"}],"replies":[{"embeddable":true,"href":"https:\/\/skrivovin.se\/index.php\/wp-json\/wp\/v2\/comments?post=7180"}],"version-history":[{"count":3,"href":"https:\/\/skrivovin.se\/index.php\/wp-json\/wp\/v2\/posts\/7180\/revisions"}],"predecessor-version":[{"id":7184,"href":"https:\/\/skrivovin.se\/index.php\/wp-json\/wp\/v2\/posts\/7180\/revisions\/7184"}],"wp:featuredmedia":[{"embeddable":true,"href":"https:\/\/skrivovin.se\/index.php\/wp-json\/wp\/v2\/media\/7182"}],"wp:attachment":[{"href":"https:\/\/skrivovin.se\/index.php\/wp-json\/wp\/v2\/media?parent=7180"}],"wp:term":[{"taxonomy":"category","embeddable":true,"href":"https:\/\/skrivovin.se\/index.php\/wp-json\/wp\/v2\/categories?post=7180"},{"taxonomy":"post_tag","embeddable":true,"href":"https:\/\/skrivovin.se\/index.php\/wp-json\/wp\/v2\/tags?post=7180"}],"curies":[{"name":"wp","href":"https:\/\/api.w.org\/{rel}","templated":true}]}}