{"id":4415,"date":"2021-04-20T09:57:06","date_gmt":"2021-04-20T07:57:06","guid":{"rendered":"https:\/\/skrivovin.se\/?p=4415"},"modified":"2021-04-20T09:57:06","modified_gmt":"2021-04-20T07:57:06","slug":"tankar-om-vindkraft-och-manniskans-behov-av-natur","status":"publish","type":"post","link":"https:\/\/skrivovin.se\/index.php\/2021\/04\/20\/tankar-om-vindkraft-och-manniskans-behov-av-natur\/","title":{"rendered":"Tankar om vindkraft och m\u00e4nniskans behov av natur."},"content":{"rendered":"\n<p>Vindkraftsfr\u00e5gorna har sysselsatt mina tankar en tid och framf\u00f6rallt var ska dessa kraftverk byggas. N\u00e4r jag sedan s\u00e5g statistik fr\u00e5n 2018 som visar att <strong>52% av landets kommuner inte har vindkraft,<\/strong> k\u00e4nde jag spontant att Ragunda \u00e4ventyrar v\u00e4ldigt mycket, om man till\u00e5ter ytterligare parker.  <br><br>Jag ska f\u00f6rs\u00f6ka konkretisera n\u00e5gra tankar och \u00e4ven peka p\u00e5 n\u00e5gra fakta omkring detta. <br><br><strong>Ny trend<\/strong><br>Under pandemin har det visat sig att m\u00e5nga har flyttat fr\u00e5n de stora st\u00e4derna f\u00f6r att arbeta p\u00e5 distans. Det har visat sig fungera mycket bra och m\u00e5nga har vittnat om vilken kvalitetsh\u00f6jning det har blivit i deras liv. <br>Jobbet sk\u00f6ts lika bra p\u00e5 avst\u00e5nd, meden livskvalit\u00e9n totalt sett har h\u00f6jts. <br><br>Lek med tanken att den trend forts\u00e4tter, vart kommer dessa m\u00e4nniskor att flytta. Inget enkelt svar, men med m\u00e5nga nya vindkraftsparker i Ragunda, \u00e4r det l\u00e4tt att r\u00e4kna ut <strong>till vilken kommun dessa personer INTE flyttar<\/strong>, n\u00e4r 52 % av kommunerna inte har vindkraftverk. <br><br><strong>Urbaniseringen<\/strong> <strong>och ytterligare en trend<\/strong><br>Den urbanisering som p\u00e5g\u00e5tt de senaste 70-80 \u00e5ren har gjort att m\u00e5nga m\u00e4nniskor aldrig sett &#8221;riktig natur&#8221; och de k\u00e4nner sig vilsna. <br>De har <strong>ALDRIG <\/strong>l\u00e4rt sig leva i och med naturen och det har faktiskt orsakat sjukdomar och lidande hos m\u00e5nga. Det g\u00e4ller i stora delar av v\u00e4stv\u00e4rlden.<br>F\u00f6r att motverka detta, startade en trend i Japan p\u00e5 \u00e5ttiotalet, att man i organiserad form m\u00e5ste l\u00e4ra m\u00e4nniskorna att g\u00e5 ut i skogen. De kallar det f\u00f6r <strong>skogsbad. <\/strong><br>Denna trend har kommit ocks\u00e5 till Sverige och Stockholm. Man har insett hur viktig naturen \u00e4r f\u00f6r v\u00e5r h\u00e4lsa. <br>Friluftsfr\u00e4mjandet ordnar numera kurser i Stockholm, f\u00f6r att personer ska g\u00e5 ut i skogen. Du hittar en artikel h\u00e4r: https:\/\/www.friluftsframjandet.se\/lat-aventyret-borja\/inspiration\/folkhalsa\/ny-forskning-skogsbada-for-halsans-skull\/<br><br>T\u00e4nk dig, kurser f\u00f6r att g\u00e5 ut i skogen. Tror att m\u00e5nga i inlandet skrattar \u00e5t det, men det f\u00f6rekommer redan i Stockholmsomr\u00e5det och i andra delar av v\u00e4rlden.<br><strong>Vilka m\u00f6jligheter kan en s\u00e5dan trend inneb\u00e4ra f\u00f6r kommuner med vacker natur?<\/strong><br>Och \u00e5terigen. <br>Kommer dessa personer, som vill ha tystnad, vacker natur, kunna vandra i skogen, cykla, paddla, att \u00e5ka till en kommun med m\u00e5nga vindkraftsparker n\u00e4r mer \u00e4n h\u00e4lften av kommunerna inte har n\u00e5gra s\u00e5dana parker?<br><strong>S\u00e5 med en utbyggnad tackar kommunen, med stor s\u00e4kerhet nej till denna form av sm\u00e5skalig turism.<\/strong>  <br>P\u00e5 kommunens egen hemsida g\u00e5r att l\u00e4sa, <em>&#8221;du som \u00e4r friluftsintresserad har bland annat fina leder att vandra p\u00e5, str\u00f6mmande vattendrag att fiska i , och slalombackar att kasta sig utf\u00f6r.&#8221;<\/em><br><strong>F\u00f6r mig passar vindkraftsparker in v\u00e4ldigt d\u00e5ligt i ambitionen med ha ett aktivt friluftsliv, som beskrivs p\u00e5 hemsidan.<\/strong><br><br><strong>S\u00e5 nu k\u00e4ra politiker i Ragunda. T\u00e4nk nu efter<\/strong><br>Ibland \u00f6nskar jag att vi m\u00e4nniskor oftare ska stanna upp en stund, och se oss omkring p\u00e5 det fina vi har.<\/p>\n\n\n\n<p><strong>Kom ih\u00e5g den gamla kunskapen <\/strong>att naturen \u00e4r den st\u00f6rsta l\u00e4kande kraft vi har omkring oss.<br>Jag trodde faktiskt att de flesta visste det och jag \u00e4r r\u00e4tt s\u00e4ker p\u00e5 att det \u00e4r en kunskap som fanns naturligt bara f\u00f6r tv\u00e5 generationer sedan. Tror ocks\u00e5 att de flesta som bor naturn\u00e4ra k\u00e4nner till det, helt naturligt.<\/p>\n\n\n\n<p><strong>T\u00e4nk en g\u00e5ng till<br><\/strong>Med den kunskap vi nu har om hur viktig naturen \u00e4r f\u00f6r oss djur och m\u00e4nniskor, hur vettigt \u00e4r det d\u00e5, att medvetet f\u00f6rst\u00f6ra dessa v\u00e4rden.<\/p>\n\n\n\n<p>T\u00e4nk dig att personer i Japan under n\u00e4rmare fyrtio \u00e5r \u201dutbildats\u201d f\u00f6r att kunna utnyttja naturens l\u00e4kande kraft och att det behovet nu ocks\u00e5 kommit till Stockholm.<br>Urbaniseringen har gjort att den gamla kunskapen om hur viktig naturen \u00e4r f\u00f6r oss m\u00e4nniskor f\u00f6rsvunnit. Och det bara p\u00e5 tv\u00e5 generationer.<\/p>\n\n\n\n<p><strong>T\u00e4nk ytterligare en g\u00e5ng om vad som finns i Ragunda.<\/strong><br>Kanske inte helt or\u00f6rd natur, men \u00e4nd\u00e5 natur som kan anv\u00e4ndas p\u00e5 det mest positiva s\u00e4ttet. N\u00e4mligen till att h\u00e5lla personer friska och \u00e4ven kunna erbjuda m\u00f6jligheter till rekreation till stressade storstadsm\u00e4nniskor. L\u00e5t den storskaliga turismen i form av skid\u00e5kning finnas i \u00c5re och erbjud ist\u00e4llet den \u201dl\u00e4kande turismen\u201d till Ragunda.<br>\u00c5re har insett att vindkraft och turism inte g\u00e5r ihop. Ragunda borde l\u00e4tt kunna komma till samma insikt, n\u00e4r det g\u00e4ller sm\u00e5skalig, men livsviktig turism.<\/p>\n\n\n\n<figure class=\"wp-block-image size-large\"><img loading=\"lazy\" decoding=\"async\" width=\"1024\" height=\"576\" src=\"https:\/\/skrivovin.se\/wp-content\/uploads\/2021\/04\/Ammeran-vid-Overammer-och-Overammers-fiskecamp-i-bakgrunden-1024x576.jpg\" alt=\"\" class=\"wp-image-4439\" srcset=\"https:\/\/skrivovin.se\/wp-content\/uploads\/2021\/04\/Ammeran-vid-Overammer-och-Overammers-fiskecamp-i-bakgrunden-1024x576.jpg 1024w, https:\/\/skrivovin.se\/wp-content\/uploads\/2021\/04\/Ammeran-vid-Overammer-och-Overammers-fiskecamp-i-bakgrunden-300x169.jpg 300w, https:\/\/skrivovin.se\/wp-content\/uploads\/2021\/04\/Ammeran-vid-Overammer-och-Overammers-fiskecamp-i-bakgrunden-768x432.jpg 768w, https:\/\/skrivovin.se\/wp-content\/uploads\/2021\/04\/Ammeran-vid-Overammer-och-Overammers-fiskecamp-i-bakgrunden-1536x864.jpg 1536w, https:\/\/skrivovin.se\/wp-content\/uploads\/2021\/04\/Ammeran-vid-Overammer-och-Overammers-fiskecamp-i-bakgrunden-2048x1152.jpg 2048w\" sizes=\"auto, (max-width: 1024px) 100vw, 1024px\" \/><figcaption>Att kunna str\u00f6va l\u00e4ngs en or\u00f6rd \u00e5, \u00e4r exklusivt f\u00f6r m\u00e5nga. H\u00e4r vid \u00d6verammer<\/figcaption><\/figure>\n\n\n\n<p><br><br><strong>Lite mera om skogsbad<\/strong><br>I den rapport jag l\u00e4ste om <strong>skogsbad<\/strong> visades ocks\u00e5 vilka f\u00f6rdelarna var och det var m\u00e5nga. Vi blir mer avsp\u00e4nda, sover b\u00e4ttre, f\u00e5r b\u00e4ttre blodtryck och hj\u00e4rta och blodk\u00e4rlen fr\u00e4mjas. Dessutom f\u00e5r vi l\u00e4ttare att koncentrera oss och vi f\u00e5r mera energi.<br>Naturen hj\u00e4lper ocks\u00e5 mot oro och nedst\u00e4mdhet. Ju mer icke-tillr\u00e4ttalagd natur vi vistas i, desto b\u00e4ttre.<br>Det fanns ocks\u00e5 en \u201dinstruktion\u201d om hur man skulle bete sig och det var inte sv\u00e5rt. Det g\u00e4llde det sj\u00e4lvklara, vandra, cykla, paddla och sitt och lyssna p\u00e5 tystnaden.<br>Med andra ord, investeringarna beh\u00f6vs n\u00e4stan inte och nyttan f\u00f6r kommunen och inv\u00e5narna \u00e4r o\u00e4ndligt mycket st\u00f6rre \u00e4n vilken vindsnurra som helst.<\/p>\n\n\n\n<div class=\"wp-block-image\"><figure class=\"aligncenter size-large\"><img loading=\"lazy\" decoding=\"async\" width=\"1024\" height=\"576\" src=\"https:\/\/skrivovin.se\/wp-content\/uploads\/2021\/04\/20160830_161207-1024x576.jpg\" alt=\"\" class=\"wp-image-4437\" srcset=\"https:\/\/skrivovin.se\/wp-content\/uploads\/2021\/04\/20160830_161207-1024x576.jpg 1024w, https:\/\/skrivovin.se\/wp-content\/uploads\/2021\/04\/20160830_161207-300x169.jpg 300w, https:\/\/skrivovin.se\/wp-content\/uploads\/2021\/04\/20160830_161207-768x432.jpg 768w, https:\/\/skrivovin.se\/wp-content\/uploads\/2021\/04\/20160830_161207-1536x864.jpg 1536w, https:\/\/skrivovin.se\/wp-content\/uploads\/2021\/04\/20160830_161207-2048x1152.jpg 2048w\" sizes=\"auto, (max-width: 1024px) 100vw, 1024px\" \/><figcaption>Bild fr\u00e5n Krokv\u00e5gsberget. En milj\u00f6 som \u00e4r exklusiv f\u00f6r m\u00e5nga.<\/figcaption><\/figure><\/div>\n\n\n\n<p><strong>Till sist<\/strong><br>Jag lyssnade delvis p\u00e5 kommunfullm\u00e4ktiges senaste s\u00e4ndning fr\u00e5n Ragunda och noterade att uttrycket <strong>sv\u00e5r fr\u00e5ga<\/strong> och <strong>extremt sv\u00e5r fr\u00e5ga<\/strong>, \u00e5terkom flera g\u00e5nger. Det var tydligen s\u00e5 sv\u00e5ra fr\u00e5gor att vissa f\u00f6retr\u00e4dare inte t\u00e4nkte tala om hur man skulle g\u00e5 tillv\u00e4ga f\u00f6r att l\u00f6sa den. Tystnad i s\u00e5dana h\u00e4r fr\u00e5gor tycker jag p\u00e5minner om vissa h\u00e4rskartekniker.<br>Jag vill betona, att fr\u00e5gan kanske inte \u00e4r den enklaste, men desto mer \u00f6ppenhet kr\u00e4vs. <br>Jag vet ocks\u00e5 att \u00e4renden som ska beredas politiskt f\u00f6ljer vissa processer och det \u00e4r inte lika l\u00e4tt att fatta beslut som till exempel i n\u00e4ringslivet. Men det betyder inte att man ska sluta sig samman i en grupp och inte kunna samtala om fr\u00e5gorna.  <\/p>\n\n\n\n<p><strong>Det beh\u00f6ver inte vara sv\u00e5rt<\/strong><br>Men faktum \u00e4r att \u00e4ven sv\u00e5ra fr\u00e5gor m\u00e5ste l\u00f6sas och det finns etablerad teknik f\u00f6r att hj\u00e4lpa till att ta fram r\u00e4tt underlag. <br>Jag arbetade p\u00e5 ett stort f\u00f6retags s\u00e4kerhetsavdelning och vi var ofta inblandade i att g\u00f6ra analyser av risker, s\u00e5rbarhet och konsekvenser. Inf\u00f6r alla stora beslut kr\u00e4vde koncernledningen att ett s\u00e5dant underlag skulle finnas. Det blev inte alltid popul\u00e4ra beslut, men underlaget fanns alltid dokumenterat och man fattade beslut utan dessa analyser. I s\u00e5dana underlag ingick alltid en bed\u00f6mning av risker och konsekvenser f\u00f6r inblandade parter. <\/p>\n\n\n\n<p>Den, eller liknande teknik g\u00e5r att anv\u00e4nda \u00e4ven i detta fallet, men d\u00e5 g\u00e4ller det att vara \u00f6ppen och samla underlag tillsammans med ber\u00f6rda parter. Att v\u00e4rdera risker och konsekvenser. <strong>Absolut inte att vara tyst och meddela att detta \u00e4r s\u00e5 sv\u00e5rt s\u00e5 vi pratar inte om det. <\/strong><br>Jag \u00e5terkommer f\u00f6rmodligen om detta, men rent konkret s\u00e5 m\u00e5ste ett s\u00e5dant h\u00e4r stort projekt, som en vindkraftspark \u00e4nd\u00e5 \u00e4r, <strong>delas upp i delar<\/strong> och varje del bed\u00f6mas, f\u00f6r att komma till en helhet,  <br>Annars blir det l\u00e4tt fel och ett fel som kan f\u00e5 \u00f6desdigra konsekvenser f\u00f6r \u00e5rtionden fram\u00e5t.<br>Vilka konsekvenser som kan f\u00f6lja av att m\u00e4nniskor k\u00e4nner sig \u00f6verk\u00f6rda och maktl\u00f6sa finns det m\u00e5nga exempel p\u00e5 i v\u00e5r v\u00e4rld.  &nbsp;&nbsp;&nbsp;<\/p>\n\n\n\n<div class=\"wp-block-image\"><figure class=\"aligncenter size-large\"><img loading=\"lazy\" decoding=\"async\" width=\"1024\" height=\"559\" src=\"https:\/\/skrivovin.se\/wp-content\/uploads\/2021\/04\/20160830_130045-1024x559.jpg\" alt=\"\" class=\"wp-image-4441\" srcset=\"https:\/\/skrivovin.se\/wp-content\/uploads\/2021\/04\/20160830_130045-1024x559.jpg 1024w, https:\/\/skrivovin.se\/wp-content\/uploads\/2021\/04\/20160830_130045-300x164.jpg 300w, https:\/\/skrivovin.se\/wp-content\/uploads\/2021\/04\/20160830_130045-768x419.jpg 768w, https:\/\/skrivovin.se\/wp-content\/uploads\/2021\/04\/20160830_130045-1536x839.jpg 1536w, https:\/\/skrivovin.se\/wp-content\/uploads\/2021\/04\/20160830_130045-2048x1118.jpg 2048w\" sizes=\"auto, (max-width: 1024px) 100vw, 1024px\" \/><figcaption>En vy fr\u00e5n Kullstaberget.<\/figcaption><\/figure><\/div>\n","protected":false},"excerpt":{"rendered":"<p>Vindkraftsfr\u00e5gorna har sysselsatt mina tankar en tid och framf\u00f6rallt var ska dessa kraftverk byggas. N\u00e4r jag sedan s\u00e5g statistik fr\u00e5n 2018 som visar att 52% av landets kommuner inte har vindkraft, k\u00e4nde jag spontant att Ragunda \u00e4ventyrar v\u00e4ldigt mycket, om&#8230;<\/p>\n","protected":false},"author":2,"featured_media":4441,"comment_status":"open","ping_status":"open","sticky":false,"template":"","format":"standard","meta":{"jetpack_post_was_ever_published":false,"_jetpack_newsletter_access":"","_jetpack_dont_email_post_to_subs":false,"_jetpack_newsletter_tier_id":0,"_jetpack_memberships_contains_paywalled_content":false,"_jetpack_memberships_contains_paid_content":false,"footnotes":""},"categories":[8],"tags":[],"class_list":["post-4415","post","type-post","status-publish","format-standard","has-post-thumbnail","hentry","category-runudden"],"jetpack_featured_media_url":"https:\/\/skrivovin.se\/wp-content\/uploads\/2021\/04\/20160830_130045-scaled.jpg","jetpack_sharing_enabled":true,"_links":{"self":[{"href":"https:\/\/skrivovin.se\/index.php\/wp-json\/wp\/v2\/posts\/4415","targetHints":{"allow":["GET"]}}],"collection":[{"href":"https:\/\/skrivovin.se\/index.php\/wp-json\/wp\/v2\/posts"}],"about":[{"href":"https:\/\/skrivovin.se\/index.php\/wp-json\/wp\/v2\/types\/post"}],"author":[{"embeddable":true,"href":"https:\/\/skrivovin.se\/index.php\/wp-json\/wp\/v2\/users\/2"}],"replies":[{"embeddable":true,"href":"https:\/\/skrivovin.se\/index.php\/wp-json\/wp\/v2\/comments?post=4415"}],"version-history":[{"count":26,"href":"https:\/\/skrivovin.se\/index.php\/wp-json\/wp\/v2\/posts\/4415\/revisions"}],"predecessor-version":[{"id":4444,"href":"https:\/\/skrivovin.se\/index.php\/wp-json\/wp\/v2\/posts\/4415\/revisions\/4444"}],"wp:featuredmedia":[{"embeddable":true,"href":"https:\/\/skrivovin.se\/index.php\/wp-json\/wp\/v2\/media\/4441"}],"wp:attachment":[{"href":"https:\/\/skrivovin.se\/index.php\/wp-json\/wp\/v2\/media?parent=4415"}],"wp:term":[{"taxonomy":"category","embeddable":true,"href":"https:\/\/skrivovin.se\/index.php\/wp-json\/wp\/v2\/categories?post=4415"},{"taxonomy":"post_tag","embeddable":true,"href":"https:\/\/skrivovin.se\/index.php\/wp-json\/wp\/v2\/tags?post=4415"}],"curies":[{"name":"wp","href":"https:\/\/api.w.org\/{rel}","templated":true}]}}