{"id":434,"date":"2018-04-10T20:23:30","date_gmt":"2018-04-10T18:23:30","guid":{"rendered":"https:\/\/skrivovin.se\/?p=434"},"modified":"2018-04-10T20:23:30","modified_gmt":"2018-04-10T18:23:30","slug":"demokratins-och-partiernas-kris","status":"publish","type":"post","link":"https:\/\/skrivovin.se\/index.php\/2018\/04\/10\/demokratins-och-partiernas-kris\/","title":{"rendered":"Demokratins och partiernas kris"},"content":{"rendered":"<p>S\u00e5 h\u00e4nder det igen. F\u00f6r fj\u00e4rde \u00e5ret yrkar region J\u00e4mtland-H\u00e4rjedalens revisorer att styrelsen inte ska beviljas ansvarfrihet och f\u00f6r fj\u00e4rde \u00e5ret g\u00e5r fullm\u00e4ktige emot revisorerna och beviljar ansvarsvarfrihet.<br \/>\nMotiveringen k\u00e4nns ocks\u00e5 igen. Vissa kostnader \u00e4r inte m\u00f6jliga att p\u00e5verka, man har levererat v\u00e5rd, vilket \u00e4r regionens uppdrag och man har ocks\u00e5 vidtagit \u00e5tg\u00e4rder som ska ge resultat p\u00e5 l\u00e5ng sikt.<br \/>\nJag f\u00f6rst\u00e5r problemen. Litet l\u00e4n med begr\u00e4nsad skattekraft och det g\u00e5r till exempel inte i f\u00f6rv\u00e4g ber\u00e4kna befolkningens sjuktal. Men jag \u00e4r ocks\u00e5 medveten om att den nonchalans fr\u00e5n majoritetspartierna kan bli allvarlig p\u00e5 sikt.<\/p>\n<p><strong>Vad kan bli f\u00f6ljden?<br \/>\n<\/strong>&#8211; Revisorernas roll undergr\u00e4vs. Vilka personer vill i forts\u00e4ttningen ta p\u00e5 sig att vara revisor i en politisk organisation?<br \/>\n&#8211; \u00d6kat politikerf\u00f6rakt . Vem vill engagera sig politiskt?<br \/>\n&#8211; Den kanske allvarligaste. Det blir ett hot mot demokratin.<\/p>\n<p>Ibland g\u00e5r det l\u00e4sa att politiken \u00e4r i kris. Jag tror inte det, politik diskuteras som aldrig f\u00f6rr men inte p\u00e5 det organiserade s\u00e4tt som det gjordes tidigare. Det nya \u00e4r tillkomsten av sociala medier.<\/p>\n<p>Men endast <strong>tv\u00e5 procent<\/strong> av befolkningen \u00e4r medlemmar i ett politiskt parti n\u00e5got som partierna inte verkar ha uppfattat.<\/p>\n<p><strong>Ytterligare konsekvenser<br \/>\n<\/strong>Allt f\u00e4rre engagerar sig i de olika partierna och det bildas n\u00e5gon slags politikerelit som inte alltid \u00e4r f\u00f6rankrade hos de personer de s\u00e4ger sig f\u00f6retr\u00e4da. Partiernas representativitet \u00e4r d\u00e4rmed rej\u00e4lt f\u00f6rs\u00e4mrad.<\/p>\n<p>Jag har funderat vidare p\u00e5 fr\u00e5gorna om partiernas <strong>uppdrag, ansvar, organisation och medlemmarnas kompetens<\/strong> och kommit fram till:<\/p>\n<p><strong>Uppdraget<br \/>\n<\/strong>Politikens uppdrag \u00e4r att se till att viktiga samh\u00e4llsfunktioner fungerar. Vi medborgare vill att sjukv\u00e5rd, r\u00e4ttsv\u00e4sende, skola med mera ska fungera. Hur det ska uppn\u00e5s brukar debatteras i det o\u00e4ndliga. Men hur man n\u00e5r ett fungerande samh\u00e4lle tycker jag \u00e4r mindre viktigt, huvudsaken \u00e4r att samh\u00e4llsfunktionerna finns p\u00e5 plats, n\u00e4r de beh\u00f6vs. Jag vill visa med n\u00e5gra exempel d\u00e4r jag tycker att det brister.\u00a0\u00a0<strong>\u00a0<\/strong><\/p>\n<p><strong>Organisation<br \/>\n<\/strong>I grunden \u00e4r politiska partier ideella f\u00f6reningar med de brister och f\u00f6rtj\u00e4nster som f\u00f6ljer denna organisationsform.<br \/>\nDet inneb\u00e4r bland annat att drivande personer hamnar b\u00e5de i f\u00f6reningens styrelse liksom i distriktens styrelse och ibland i organisationen p\u00e5 riksniv\u00e5.<br \/>\nDet finns risker speciellt n\u00e4r tongivande personer ocks\u00e5 \u00e4r kommunalr\u00e5d eller regionr\u00e5d. Det inneb\u00e4r att de ofta blir mycket tongivande i olika sammanhang. N\u00e5gra exempel:<\/p>\n<p>&#8211; Kommunalr\u00e5d som sitter i styrelser f\u00f6r kommunal\u00e4gda bolag. Det inneb\u00e4r att de i praktiken beviljar sig sj\u00e4lva ansvarsfrihet.<br \/>\n&#8211; Regionr\u00e5d som \u00e5r efter \u00e5r, inte f\u00f6resl\u00e5s f\u00e5 ansvarsfrihet av revisorerna, men d\u00e4r det parti som personen tillh\u00f6r \u00e4nd\u00e5 ser till att ansvarfrihet beviljas.<br \/>\n&#8211; Ledande personer i till exempel regionfr\u00e5gan lider ett sv\u00e5rt nederlag, utan vidare forts\u00e4tter och f\u00f6resl\u00e5s bli omvald i h\u00f6stens val.<\/p>\n<p>Under den intensiva debatten om storregioner visade majoritetspartiets agerande p\u00e5 ett totalt f\u00f6rakt mot l\u00e4nets befolkning, de som hade valt dem, f\u00f6r att ist\u00e4llet slaviskt r\u00e4tta in sig efter partipiskan.<br \/>\nN\u00e4r sedan fr\u00e5gan avf\u00f6rdes fr\u00e5n dagordningen verkar ingen ha insett att deras f\u00f6rtroende \u00e4r i skadat. Till stor del f\u00f6resl\u00e5s samma personer f\u00e5 nytt f\u00f6rtroende att till exempel reda upp den ekonomiska situationen. Den situation som man medverkat till att skapa.<\/p>\n<p>Ett agerande som vore ot\u00e4nkbart i n\u00e4ringslivet.<br \/>\n<strong>Lite av ett h\u00e5n mot v\u00e4ljarna och mot den demokratiska processen.<\/strong><\/p>\n<p><strong>Det ruskigaste hotet<br \/>\n<\/strong>Nyligen har det s\u00e4nts n\u00e5gra teveprogram om just hotet mot demokratin. Jan Scherman har intervjuat ett stort antal personer, fr\u00e5n olika organisationer och gett sin syn p\u00e5 vad bristande politiskt engagemang, brist p\u00e5 insikt vad beslut leder till och vad hat mot politiker kan inneb\u00e4ra.<br \/>\nVi har idag krafter som vill komma till makten p\u00e5 demokratisk v\u00e4g, men som har en m\u00e4nniskosyn som ligger l\u00e5ngt ifr\u00e5n den genomsnittlige medborgarens. V\u00e4ldigt mycket av deras propaganda \u00e4r hat mot invandrare och deras program \u00e4r enkelt. Utvisning och stopp f\u00f6r invandring.<\/p>\n<p>Runt om i v\u00e4rlden finns exempel p\u00e5 partier och personer som er\u00f6vrat makten p\u00e5 demokratisk v\u00e4g och sedan utvecklat en diktatur. Hitler \u00e4r det tydligaste exemplet, men det finns exempel \u00e4ven i aktuellt tid.<\/p>\n<p>Den mest ot\u00e4cka m\u00e5lbild som en av personerna i teveprogramet kunde t\u00e4nka sig, var att repris av stora krig, utrotning och f\u00f6rvisning<strong>. Demokratin \u00e4r inte n\u00e5got statiskt. Den m\u00e5ste er\u00f6vras varje dag<\/strong> annars finns risk f\u00f6r ett nytt Gulag eller Auschwitz.<\/p>\n<p><img loading=\"lazy\" decoding=\"async\" class=\"size-medium wp-image-435 aligncenter\" src=\"https:\/\/skrivovin.se\/wp-content\/uploads\/2018\/04\/T-vid-Gr\u00e4ft\u00e5n-o-Tv\u00e4r\u00e5n-300x201.jpg\" alt=\"\" width=\"300\" height=\"201\" srcset=\"https:\/\/skrivovin.se\/wp-content\/uploads\/2018\/04\/T-vid-Gr\u00e4ft\u00e5n-o-Tv\u00e4r\u00e5n-300x201.jpg 300w, https:\/\/skrivovin.se\/wp-content\/uploads\/2018\/04\/T-vid-Gr\u00e4ft\u00e5n-o-Tv\u00e4r\u00e5n.jpg 448w\" sizes=\"auto, (max-width: 300px) 100vw, 300px\" \/><\/p>\n","protected":false},"excerpt":{"rendered":"<p>S\u00e5 h\u00e4nder det igen. F\u00f6r fj\u00e4rde \u00e5ret yrkar region J\u00e4mtland-H\u00e4rjedalens revisorer att styrelsen inte ska beviljas ansvarfrihet och f\u00f6r fj\u00e4rde \u00e5ret g\u00e5r fullm\u00e4ktige emot revisorerna och beviljar ansvarsvarfrihet. Motiveringen k\u00e4nns ocks\u00e5 igen. Vissa kostnader \u00e4r inte m\u00f6jliga att p\u00e5verka, man&#8230;<\/p>\n","protected":false},"author":2,"featured_media":435,"comment_status":"open","ping_status":"open","sticky":false,"template":"","format":"standard","meta":{"jetpack_post_was_ever_published":false,"_jetpack_newsletter_access":"","_jetpack_dont_email_post_to_subs":false,"_jetpack_newsletter_tier_id":0,"_jetpack_memberships_contains_paywalled_content":false,"_jetpack_memberships_contains_paid_content":false,"footnotes":""},"categories":[8],"tags":[],"class_list":["post-434","post","type-post","status-publish","format-standard","has-post-thumbnail","hentry","category-runudden"],"jetpack_featured_media_url":"https:\/\/skrivovin.se\/wp-content\/uploads\/2018\/04\/T-vid-Gr\u00e4ft\u00e5n-o-Tv\u00e4r\u00e5n.jpg","jetpack_sharing_enabled":true,"_links":{"self":[{"href":"https:\/\/skrivovin.se\/index.php\/wp-json\/wp\/v2\/posts\/434","targetHints":{"allow":["GET"]}}],"collection":[{"href":"https:\/\/skrivovin.se\/index.php\/wp-json\/wp\/v2\/posts"}],"about":[{"href":"https:\/\/skrivovin.se\/index.php\/wp-json\/wp\/v2\/types\/post"}],"author":[{"embeddable":true,"href":"https:\/\/skrivovin.se\/index.php\/wp-json\/wp\/v2\/users\/2"}],"replies":[{"embeddable":true,"href":"https:\/\/skrivovin.se\/index.php\/wp-json\/wp\/v2\/comments?post=434"}],"version-history":[{"count":3,"href":"https:\/\/skrivovin.se\/index.php\/wp-json\/wp\/v2\/posts\/434\/revisions"}],"predecessor-version":[{"id":438,"href":"https:\/\/skrivovin.se\/index.php\/wp-json\/wp\/v2\/posts\/434\/revisions\/438"}],"wp:featuredmedia":[{"embeddable":true,"href":"https:\/\/skrivovin.se\/index.php\/wp-json\/wp\/v2\/media\/435"}],"wp:attachment":[{"href":"https:\/\/skrivovin.se\/index.php\/wp-json\/wp\/v2\/media?parent=434"}],"wp:term":[{"taxonomy":"category","embeddable":true,"href":"https:\/\/skrivovin.se\/index.php\/wp-json\/wp\/v2\/categories?post=434"},{"taxonomy":"post_tag","embeddable":true,"href":"https:\/\/skrivovin.se\/index.php\/wp-json\/wp\/v2\/tags?post=434"}],"curies":[{"name":"wp","href":"https:\/\/api.w.org\/{rel}","templated":true}]}}