{"id":4085,"date":"2021-02-01T10:20:15","date_gmt":"2021-02-01T09:20:15","guid":{"rendered":"https:\/\/skrivovin.se\/?p=4085"},"modified":"2023-02-04T17:43:50","modified_gmt":"2023-02-04T16:43:50","slug":"den-gamla-dansbanan-en-nostalgisk-aterblick","status":"publish","type":"post","link":"https:\/\/skrivovin.se\/index.php\/2021\/02\/01\/den-gamla-dansbanan-en-nostalgisk-aterblick\/","title":{"rendered":"Den gamla dansbanan &#8211; en nostalgisk \u00e5terblick"},"content":{"rendered":"\n<p><\/p>\n\n\n\n<p>Tror inget v\u00e4cker s\u00e5 m\u00e5nga minnen till liv som bilder och ber\u00e4ttelser fr\u00e5n dansbanor och n\u00f6jesplatser. <br>F\u00f6r tre \u00e5r sedan passerade jag \u00d6vsj\u00f6 p\u00e5 v\u00e4g till K\u00e4larne. En kall vinterdag, ungef\u00e4r som de vinterdagar vi upplever nu. N\u00e4r jag kom fram till Stromboli, den gamla dansbanan d\u00e4r s\u00e5 m\u00e5nga stora orkestrar spelat, stannade jag och tog en nedanst\u00e5ende bild.  <\/p>\n\n\n\n<figure class=\"wp-block-image size-large\"><img loading=\"lazy\" decoding=\"async\" width=\"1024\" height=\"768\" src=\"https:\/\/skrivovin.se\/wp-content\/uploads\/2021\/01\/Stromboli-1024x768.jpg\" alt=\"\" class=\"wp-image-4088\" srcset=\"https:\/\/skrivovin.se\/wp-content\/uploads\/2021\/01\/Stromboli-1024x768.jpg 1024w, https:\/\/skrivovin.se\/wp-content\/uploads\/2021\/01\/Stromboli-300x225.jpg 300w, https:\/\/skrivovin.se\/wp-content\/uploads\/2021\/01\/Stromboli-768x576.jpg 768w, https:\/\/skrivovin.se\/wp-content\/uploads\/2021\/01\/Stromboli-1536x1152.jpg 1536w, https:\/\/skrivovin.se\/wp-content\/uploads\/2021\/01\/Stromboli.jpg 1806w\" sizes=\"auto, (max-width: 1024px) 100vw, 1024px\" \/><figcaption>Stromboli i vinterskrud. <\/figcaption><\/figure>\n\n\n\n<p>Jag lade ut bilden i facebookgruppen &#8221;Du vet att du \u00e4r fr\u00e5n J\u00e4mtland&#8221; och reaktionen l\u00e4t inte v\u00e4nta p\u00e5 sig. Det var fantastiskt att m\u00f6tas av all gl\u00e4dje som en bild p\u00e5 en nedsn\u00f6ad dansbana gav upphov till. <br>Men inte nog med att det kom m\u00e5nga reaktioner f\u00f6r tre \u00e5r sedan. F\u00f6r n\u00e5gra veckor sedan d\u00f6k bilden upp igen. N\u00e5gon hade skrollat l\u00e5ngt i gruppen och kommenterat och s\u00e5 ramlade det in kanske etthundra kommentarer till. <br><br>J<strong>ag plockar fram n\u00e5gra kommentarer:<\/strong><br><br>&#8221; Varit hit en g\u00e5ng p\u00e5 dans i mitten av 1950-talet. Vi var n\u00e5gra flickor fr\u00e5n Kr\u00e5ngede som tog taxi hit f\u00f6r att dansa en sommarkv\u00e4ll. Lyckad kv\u00e4ll .<img loading=\"lazy\" decoding=\"async\" height=\"16\" width=\"16\" src=\"https:\/\/static.xx.fbcdn.net\/images\/emoji.php\/v9\/t20\/1.5\/16\/1f483.png\" alt=\"\ud83d\udc83\">&#8221; <\/p>\n\n\n\n<p>&#8221;Hittade min fru d\u00e4r f\u00f6r 30 \u00e5r sedan..<img loading=\"lazy\" decoding=\"async\" height=\"16\" width=\"16\" alt=\"\ud83d\ude00\" src=\"https:\/\/static.xx.fbcdn.net\/images\/emoji.php\/v9\/t27\/1.5\/16\/1f600.png\">&#8221; <\/p>\n\n\n\n<p>&#8221;Oj oj s\u00e5 m\u00e5nga danser man tagit p\u00e5 denna dansbana&nbsp;<img loading=\"lazy\" decoding=\"async\" height=\"16\" width=\"16\" alt=\"\ud83d\ude00\" src=\"https:\/\/static.xx.fbcdn.net\/images\/emoji.php\/v9\/t27\/1.5\/16\/1f600.png\"><img loading=\"lazy\" decoding=\"async\" height=\"16\" width=\"16\" alt=\"\u2764\" src=\"https:\/\/static.xx.fbcdn.net\/images\/emoji.php\/v9\/tf3\/1.5\/16\/2764.png\">! S\u00e5 m\u00e5nga roliga minnen! T\u00e4nk om den kunde \u00e5teruppst\u00e5 denna mysiga sommardansbana i \u00d6vsj\u00f6byn&#8221; <\/p>\n\n\n\n<p>&#8221;JA J\u00d6SSES&#8230;..t\u00e4nk om ungdomen av idag visste&#8230;.t\u00e4nk om v\u00e4ggarna kunde tala&#8230;.t\u00e4nk om skogen kunde viska&#8230;.t\u00e4nk om man fick uppleva detta igen&#8221;<img loading=\"lazy\" decoding=\"async\" height=\"16\" width=\"16\" src=\"\"><\/p>\n\n\n\n<p>&#8221;Ibland gick vi hem hela v\u00e4gen till Bomsund.&#8221; <\/p>\n\n\n\n<p>&#8221;D\u00e4r har varit n\u00e5gra g\u00e5nger, jag tror det var Simon Brehm n\u00e5gon g\u00e5ng som spelade och Charlie Norman ocks\u00e5. Mina kompisar och jag cyklade dit fr\u00e5n Nyhem och sedan hem mitt i natten. Ljusa och h\u00e4rliga kv\u00e4llar. Jag kommer inte ih\u00e5g hur m\u00e5nga mil det blev?&#8221; <\/p>\n\n\n\n<p>&#8221;Jag spelade d\u00e4r med Cedermarks flera g\u00e5nger&#8221; <\/p>\n\n\n\n<p>&#8221;Spelade d\u00e4r med Svennes i b\u00f6rjan av 70 talet.&#8221; <\/p>\n\n\n\n<p>&#8221;T\u00e4nk om dagens unga fick vara med om det som vi hade p\u00e5 dansbanorna&#8221; <\/p>\n\n\n\n<p>Det var ett mycket litet axplock fr\u00e5n alla kommentarer. En annan, liknande reaktion, blev det f\u00f6r ungef\u00e4r ett halv\u00e5r sedan. Jag skrev ett blogginl\u00e4gg, som jag kallade f\u00f6r &#8221;Str\u00f6vt\u00e5g i Ragunda&#8221; Jag ber\u00e4ttade lite fr\u00e5n min uppv\u00e4xt och kom givetvis in p\u00e5 ett avsnitt om n\u00f6jen och vilka dansbanor som fanns p\u00e5 den tiden. <br>Inl\u00e4gget l\u00e4stes och delades m\u00e5nga g\u00e5nger och allra mest kommenterades somrarna p\u00e5 Tr\u00e4tojordsbacken och &#8221;Qul i backen.&#8221; Somrar som m\u00e5ste ha gjort stora avtryck hos m\u00e5nga tusen personer. Du hittar det h\u00e4r: <strong>https:\/\/skrivovin.se\/index.php\/2020\/10\/19\/strovtag-i-ragunda\/<\/strong><br><br><strong>Stromboli<\/strong> utm\u00e4rkte sig genom att s\u00e5 m\u00e5nga ber\u00f6mda orkestrar spelade d\u00e4r. Jag minns att Spotnicks spelade d\u00e4r, precis innan de slog igenom.<br>En annan, mycket st\u00f6rre orkester var Ambros Seelos. En tysk orkester med hela v\u00e4rlden som arbetsf\u00e4lt. Spelade i Berlin, Bangkok, Mumbai, Manilla och \u00d6vsj\u00f6. <br>Du kan l\u00e4sa mera om denna v\u00e4rldsber\u00f6mda orkester h\u00e4r: <strong>https:\/\/sunkit.com\/ambros-seelos\/<\/strong><\/p>\n\n\n\n<p><strong>Tr\u00e4tojordsbacken<\/strong><\/p>\n\n\n\n<figure class=\"wp-block-image size-large\"><img loading=\"lazy\" decoding=\"async\" width=\"1024\" height=\"768\" src=\"https:\/\/skrivovin.se\/wp-content\/uploads\/2021\/01\/2016-08-30-13.25.05-2-1024x768.jpg\" alt=\"\" class=\"wp-image-4124\" srcset=\"https:\/\/skrivovin.se\/wp-content\/uploads\/2021\/01\/2016-08-30-13.25.05-2-1024x768.jpg 1024w, https:\/\/skrivovin.se\/wp-content\/uploads\/2021\/01\/2016-08-30-13.25.05-2-300x225.jpg 300w, https:\/\/skrivovin.se\/wp-content\/uploads\/2021\/01\/2016-08-30-13.25.05-2-768x576.jpg 768w, https:\/\/skrivovin.se\/wp-content\/uploads\/2021\/01\/2016-08-30-13.25.05-2-1536x1152.jpg 1536w, https:\/\/skrivovin.se\/wp-content\/uploads\/2021\/01\/2016-08-30-13.25.05-2-2048x1536.jpg 2048w\" sizes=\"auto, (max-width: 1024px) 100vw, 1024px\" \/><\/figure>\n\n\n\n<p>Kommentarerna fr\u00e5n kv\u00e4llarna med Qul i backen p\u00e5minner om de som jag noterade fr\u00e5n Stromboli, men med ett till\u00e4gg och det var artistuppb\u00e5det. <br>Det \u00e4r den absoluta artisteliten fr\u00e5n sextiotalet och de upptr\u00e4dde alla p\u00e5 Tr\u00e4tojordsbacken. Inte nog med det. Det var som regel tv\u00e5 orkestrar p\u00e5 stora dansbanan och en orkester p\u00e5 logen. Undra p\u00e5 att folk trivdes och att m\u00e5nga har positiva minnen d\u00e4rifr\u00e5n.  <br><br><\/p>\n\n\n\n<figure class=\"wp-block-image size-large\"><img loading=\"lazy\" decoding=\"async\" width=\"720\" height=\"960\" src=\"https:\/\/skrivovin.se\/wp-content\/uploads\/2021\/01\/qul-i-backen-program-1.jpg\" alt=\"\" class=\"wp-image-4154\" srcset=\"https:\/\/skrivovin.se\/wp-content\/uploads\/2021\/01\/qul-i-backen-program-1.jpg 720w, https:\/\/skrivovin.se\/wp-content\/uploads\/2021\/01\/qul-i-backen-program-1-225x300.jpg 225w\" sizes=\"auto, (max-width: 720px) 100vw, 720px\" \/><figcaption>Program f\u00f6r Qul i backen sommaren 1967<\/figcaption><\/figure>\n\n\n\n<figure class=\"wp-block-image size-large\"><img loading=\"lazy\" decoding=\"async\" width=\"1024\" height=\"685\" src=\"https:\/\/skrivovin.se\/wp-content\/uploads\/2021\/01\/DSC_0604-1024x685.jpg\" alt=\"\" class=\"wp-image-4131\" srcset=\"https:\/\/skrivovin.se\/wp-content\/uploads\/2021\/01\/DSC_0604-1024x685.jpg 1024w, https:\/\/skrivovin.se\/wp-content\/uploads\/2021\/01\/DSC_0604-300x201.jpg 300w, https:\/\/skrivovin.se\/wp-content\/uploads\/2021\/01\/DSC_0604-768x514.jpg 768w, https:\/\/skrivovin.se\/wp-content\/uploads\/2021\/01\/DSC_0604-1536x1028.jpg 1536w, https:\/\/skrivovin.se\/wp-content\/uploads\/2021\/01\/DSC_0604-2048x1371.jpg 2048w\" sizes=\"auto, (max-width: 1024px) 100vw, 1024px\" \/><figcaption>S\u00e5 h\u00e4r vackert l\u00e5g scenen d\u00e4r artisterna upptr\u00e4dde<\/figcaption><\/figure>\n\n\n\n<p><\/p>\n\n\n\n<figure class=\"wp-block-image size-large\"><img loading=\"lazy\" decoding=\"async\" width=\"1024\" height=\"685\" src=\"https:\/\/skrivovin.se\/wp-content\/uploads\/2021\/01\/DSC_0605-1024x685.jpg\" alt=\"\" class=\"wp-image-4133\" srcset=\"https:\/\/skrivovin.se\/wp-content\/uploads\/2021\/01\/DSC_0605-1024x685.jpg 1024w, https:\/\/skrivovin.se\/wp-content\/uploads\/2021\/01\/DSC_0605-300x201.jpg 300w, https:\/\/skrivovin.se\/wp-content\/uploads\/2021\/01\/DSC_0605-768x514.jpg 768w, https:\/\/skrivovin.se\/wp-content\/uploads\/2021\/01\/DSC_0605-1536x1028.jpg 1536w, https:\/\/skrivovin.se\/wp-content\/uploads\/2021\/01\/DSC_0605-2048x1371.jpg 2048w\" sizes=\"auto, (max-width: 1024px) 100vw, 1024px\" \/><figcaption>Gammeldanslogen<\/figcaption><\/figure>\n\n\n\n<p><strong>Dansrestauranger<\/strong><br>Lika, men \u00e4nd\u00e5 olika, kan man s\u00e4ga om alla dansrestauranger som fanns. Det dansades och flirtades p\u00e5 samma s\u00e4tt som p\u00e5 de vanliga dansbanorna, men det beh\u00f6vdes lite st\u00f6rre pl\u00e5nbok. De flesta dansrestaurangerna hade mattv\u00e5ng \u00e4ven om vissa ibland s\u00e5g mellan fingrarna om att just servera mat. N\u00e5got att dricka r\u00e4ckte, ibland tillsammans med en sandwich. <\/p>\n\n\n\n<figure class=\"wp-block-image size-large\"><img loading=\"lazy\" decoding=\"async\" width=\"618\" height=\"404\" src=\"https:\/\/skrivovin.se\/wp-content\/uploads\/2021\/01\/Vildhussen.jpg\" alt=\"\" class=\"wp-image-4137\" srcset=\"https:\/\/skrivovin.se\/wp-content\/uploads\/2021\/01\/Vildhussen.jpg 618w, https:\/\/skrivovin.se\/wp-content\/uploads\/2021\/01\/Vildhussen-300x196.jpg 300w\" sizes=\"auto, (max-width: 618px) 100vw, 618px\" \/><figcaption>V\u00e4rdshuset Vildhussen<\/figcaption><\/figure>\n\n\n\n<p>Vem minns inte &#8221;tussdanserna&#8221; p\u00e5 Vildhussen. M\u00e5nga l\u00e5ngv\u00e4ga g\u00e4ster kom till Hammarstrand och dansade p\u00e5 torsdagarna. <br><strong>T\u00e4nk s\u00e5 mycket som h\u00e4nde i Ragunda p\u00e5 sextiotalet. <\/strong><\/p>\n\n\n\n<p>Ett st\u00e4lle d\u00e4r jag sj\u00e4lv hade mycket roligt var Aspn\u00e4s. N\u00f6jesst\u00e4llet p\u00e5 Fr\u00f6s\u00f6n, som inte finns kvar l\u00e4ngre. En bild fr\u00e5n ett vykort visar hur &#8221;elegant&#8221; st\u00e4llet var. <\/p>\n\n\n\n<figure class=\"wp-block-image size-large\"><img loading=\"lazy\" decoding=\"async\" width=\"934\" height=\"651\" src=\"https:\/\/skrivovin.se\/wp-content\/uploads\/2021\/01\/Aspnas-vykort.jpg\" alt=\"\" class=\"wp-image-4135\" srcset=\"https:\/\/skrivovin.se\/wp-content\/uploads\/2021\/01\/Aspnas-vykort.jpg 934w, https:\/\/skrivovin.se\/wp-content\/uploads\/2021\/01\/Aspnas-vykort-300x209.jpg 300w, https:\/\/skrivovin.se\/wp-content\/uploads\/2021\/01\/Aspnas-vykort-768x535.jpg 768w\" sizes=\"auto, (max-width: 934px) 100vw, 934px\" \/><figcaption>Aspn\u00e4s V\u00e4rdshus<\/figcaption><\/figure>\n\n\n\n<p>Ett klassiskt n\u00f6jesst\u00e4lle som jag vet har betytt mycket f\u00f6r m\u00e5nga. Ett inl\u00e4gg i fb-gruppen &#8221;Historiska \u00d6stersund&#8221;, vittnar om att minnena \u00e4r m\u00e5nga och r\u00e4tt lika de som jag skrev om fr\u00e5n Stromboli, men med n\u00e5gra till\u00e4gg. <br><br>H\u00e4r \u00e4r ett:<br>Musikern Lasse Forsberg, ber\u00e4ttar om en kv\u00e4ll, n\u00e4r jag och n\u00e5gra kompisar hade bokat bord d\u00e4r. Jag fick sent f\u00f6rhinder, men minns kompisarnas ber\u00e4ttelser. Lasse beskriver en del av kv\u00e4llen s\u00e5 h\u00e4r:<br>&#8221;En kv\u00e4ll n\u00e4r jag var vikarierande trummis i Knyttas orkester var det upptr\u00e4dande i pausen av en ung, vacker studerande kvinna fr\u00e5n Uppsala, som dansade l\u00e4tt kl\u00e4dd p\u00e5 dansgolvet med ormar, till inspelad musik. <br>Jag o Ingvar Ericson, p\u00e5 hammondorgel, satt kvar p\u00e5 scenen, d\u00e4r vi hade b\u00e4sta utsikt. Pl\u00f6tsligt tystnade bandspelaren, och d\u00e5 fortsatte jag p\u00e5 pukor o Ingvar spelade ungef\u00e4r som den l\u00e5t som tystnat, dans\u00f6sen fortsatte och nickade efter en stund s\u00e5 vi f\u00f6rstod att det var slut. I personalrummet efter\u00e5t fick jag o Ingvar stora kramen, till \u00f6vriga musikers avund.&#8221;<br><br>S\u00e5 detta med minnen \u00e4r speciellt. Jag kommer ih\u00e5g en h\u00e4ndelse som jag inte upplevde. Kan det vara den vackra kvinnan, ikl\u00e4dd ormar, som jag aldrig fick se som g\u00f6r att jag minns detta. <br>Dansbanor och n\u00f6jesst\u00e4llen kan tydligen s\u00e4tta sp\u00e5r. <br><br><strong>Till sist<\/strong><br>Jag ska inte komma med n\u00e5gon uppr\u00e4kning av egna minnen. De \u00e4r, som jag gissar f\u00f6r de flesta oftast positiva, men sj\u00e4lvfallet finns \u00e4ven minnen fr\u00e5n kv\u00e4llar som jag g\u00e4rna gl\u00f6mmer. <br>Ja, ett undantag \u00e4r en h\u00e4ndelse som jag inte upplevde p\u00e5 plats, utan fick ber\u00e4ttat av personerna i efterhand. <br>Tv\u00e5 av mina kompisar hade varit p\u00e5 samma dansst\u00e4lle. Jag minns inte vilket. Den ene av dem hade kommit dit i s\u00e4llskap med sin flickv\u00e4n. Dagen efter var han j\u00e4tteledsen, eftersom hans flickv\u00e4n hade hittat en annan.  <br>Den andra kompisen ber\u00e4ttade efter n\u00e5gra dagar att han hade tr\u00e4ffat en &#8221;kanontjej&#8221; och han var f\u00f6r\u00e4lskad upp \u00f6ver \u00f6ronen. Det tog inte l\u00e5ng tid f\u00f6r mig att inse att de b\u00e5da pratade om samma tjej.<br><br><strong>Vad tror du?<\/strong><br>\u00c4r danskv\u00e4llar, dansbanor och dansrestauranger det som l\u00e4ttast kan s\u00e4tta ig\u00e5ng v\u00e5ra minnen? Sitter minnen fr\u00e5n dessa kv\u00e4llar h\u00e5rdare \u00e4n fr\u00e5n andra upplevelser? <\/p>\n\n\n\n<p><br> <br><br><\/p>\n\n\n\n<p><br><br><br><br><\/p>\n","protected":false},"excerpt":{"rendered":"<p>Tror inget v\u00e4cker s\u00e5 m\u00e5nga minnen till liv som bilder och ber\u00e4ttelser fr\u00e5n dansbanor och n\u00f6jesplatser. F\u00f6r tre \u00e5r sedan passerade jag \u00d6vsj\u00f6 p\u00e5 v\u00e4g till K\u00e4larne. En kall vinterdag, ungef\u00e4r som de vinterdagar vi upplever nu. N\u00e4r jag kom&#8230;<\/p>\n","protected":false},"author":2,"featured_media":4124,"comment_status":"open","ping_status":"open","sticky":false,"template":"","format":"standard","meta":{"jetpack_post_was_ever_published":false,"_jetpack_newsletter_access":"","_jetpack_dont_email_post_to_subs":false,"_jetpack_newsletter_tier_id":0,"_jetpack_memberships_contains_paywalled_content":false,"_jetpack_memberships_contains_paid_content":false,"footnotes":""},"categories":[8],"tags":[],"class_list":["post-4085","post","type-post","status-publish","format-standard","has-post-thumbnail","hentry","category-runudden"],"jetpack_featured_media_url":"https:\/\/skrivovin.se\/wp-content\/uploads\/2021\/01\/2016-08-30-13.25.05-2-scaled.jpg","jetpack_sharing_enabled":true,"_links":{"self":[{"href":"https:\/\/skrivovin.se\/index.php\/wp-json\/wp\/v2\/posts\/4085","targetHints":{"allow":["GET"]}}],"collection":[{"href":"https:\/\/skrivovin.se\/index.php\/wp-json\/wp\/v2\/posts"}],"about":[{"href":"https:\/\/skrivovin.se\/index.php\/wp-json\/wp\/v2\/types\/post"}],"author":[{"embeddable":true,"href":"https:\/\/skrivovin.se\/index.php\/wp-json\/wp\/v2\/users\/2"}],"replies":[{"embeddable":true,"href":"https:\/\/skrivovin.se\/index.php\/wp-json\/wp\/v2\/comments?post=4085"}],"version-history":[{"count":45,"href":"https:\/\/skrivovin.se\/index.php\/wp-json\/wp\/v2\/posts\/4085\/revisions"}],"predecessor-version":[{"id":5800,"href":"https:\/\/skrivovin.se\/index.php\/wp-json\/wp\/v2\/posts\/4085\/revisions\/5800"}],"wp:featuredmedia":[{"embeddable":true,"href":"https:\/\/skrivovin.se\/index.php\/wp-json\/wp\/v2\/media\/4124"}],"wp:attachment":[{"href":"https:\/\/skrivovin.se\/index.php\/wp-json\/wp\/v2\/media?parent=4085"}],"wp:term":[{"taxonomy":"category","embeddable":true,"href":"https:\/\/skrivovin.se\/index.php\/wp-json\/wp\/v2\/categories?post=4085"},{"taxonomy":"post_tag","embeddable":true,"href":"https:\/\/skrivovin.se\/index.php\/wp-json\/wp\/v2\/tags?post=4085"}],"curies":[{"name":"wp","href":"https:\/\/api.w.org\/{rel}","templated":true}]}}