{"id":3775,"date":"2020-10-27T20:17:43","date_gmt":"2020-10-27T19:17:43","guid":{"rendered":"https:\/\/skrivovin.se\/?p=3775"},"modified":"2021-11-06T09:14:14","modified_gmt":"2021-11-06T08:14:14","slug":"de-som-gar-fore","status":"publish","type":"post","link":"https:\/\/skrivovin.se\/index.php\/2020\/10\/27\/de-som-gar-fore\/","title":{"rendered":"En helg f\u00f6r minnen och tankar till de som g\u00e5tt f\u00f6re"},"content":{"rendered":"\n<p>Allhelgonahelgen \u00e4r lite speciell. Vi \u00e4r i den m\u00f6rkaste tiden och vi t\u00e4nker lite extra p\u00e5 de som inte l\u00e4ngre finns kvar. Det blir bes\u00f6k p\u00e5 kyrkog\u00e5rdar, ljus- och lyktt\u00e4ndning, en helg som f\u00f6r de flesta framskrider i stillhet. &nbsp;<br>Kyrkorna h\u00e5ller ofta \u00f6ppet och \u00e4r v\u00e4lkomnande f\u00f6r de som vill komma in och t\u00e4nda ett ljus. \u00c4ven i \u00e5r med extra avst\u00e5nd och kanske extra m\u00e5nga tankar om v\u00e5r problemfyllda v\u00e4rld.<br><br>F\u00f6r min del g\u00e5r m\u00e5nga tankar till Ragunda och allt det fina som finns d\u00e4r. Kommunen som gett s\u00e5 mycket men f\u00e5tt s\u00e5 lite tillbaka. Vi \u00e4r nog m\u00e5nga som inte bor d\u00e4r l\u00e4ngre men sk\u00e4nker m\u00e5nga tankar till de som finns begravda i n\u00e5gon av kommunens kyrkog\u00e5rdar, men ocks\u00e5 till de som fortfarande k\u00e4mpar f\u00f6r att de v\u00e4rden som skapas i Ragunda ocks\u00e5 ska tillfalla inv\u00e5narna i kommunen.  <\/p>\n\n\n\n<p>Men helgen ger ocks\u00e5 tankar till begreppet <strong>de som <em>g\u00e5tt f\u00f6re.<\/em><\/strong><em><strong> <\/strong><\/em>.<\/p>\n\n\n\n<p><strong>G\u00e5tt f\u00f6r till vad\u00e5? <\/strong><br>M\u00e5nga t\u00e4nker d\u00e5 p\u00e5 de som g\u00e5tt f\u00f6re in i d\u00f6den, dit vi alla ska g\u00e5. Jag antar att det ska signalera hopp. Man g\u00e5r f\u00f6re till n\u00e5got. Men man kan g\u00e5 f\u00f6re p\u00e5 annat s\u00e4tt. <br>I min egen v\u00e4rld hittar jag h\u00e5rt arbetande personer, som genom h\u00e5rt och idogt arbete gett mig f\u00f6ruts\u00e4ttningar att leva det fina liv jag lever idag.<\/p>\n\n\n\n<p><strong><em>G\u00e5tt f\u00f6re<\/em> ger mig andra tankar.<\/strong><br>Jag skriver det h\u00e4r i min fj\u00e4llstuga i Gr\u00e4ft\u00e5vallen och inser att m\u00e5nga h\u00e4r har ocks\u00e5 g\u00e5tt f\u00f6re. M\u00e5nga som medverkat till att den lilla orten som b\u00f6rjade som f\u00e4bodvall nu \u00e4r en fin och fungerande turistort. M\u00e5nga av personerna som \u00e5stadkommit detta finns inte kvar, men det som de \u00e5stadkommit finns kvar. Deras livsverk finns kvar och utvecklas vidare. Jag t\u00e4nker p\u00e5 v\u00e4gar, byggnader, turistanl\u00e4ggningar, leder, renh\u00e5llning, ja allt som h\u00f6r en turistort till. <br> <br><strong>Saknad och tacksamhet<\/strong><br>Jag tycker att traditionen med att minnas de som g\u00e5tt f\u00f6re \u00e4r fin, men att vi ocks\u00e5 ska komma ih\u00e5g att om en person inte l\u00e4ngre finns kvar s\u00e5 finns deras livsverk kvar. Det har gett oss n\u00e5got fint och det \u00e4r naturligt att vi k\u00e4nner saknad, men f\u00f6rhoppningsvis ocks\u00e5 tacksamhet. <br>Saknad, men med ljusa minnen, d\u00e5 framtr\u00e4der ocks\u00e5 den stora tacksamheten. <\/p>\n\n\n\n<figure class=\"wp-block-image size-large\"><img loading=\"lazy\" decoding=\"async\" width=\"336\" height=\"443\" src=\"https:\/\/skrivovin.se\/wp-content\/uploads\/2018\/02\/Ragunda-gamla-kyrka.jpg\" alt=\"\" class=\"wp-image-286\" srcset=\"https:\/\/skrivovin.se\/wp-content\/uploads\/2018\/02\/Ragunda-gamla-kyrka.jpg 336w, https:\/\/skrivovin.se\/wp-content\/uploads\/2018\/02\/Ragunda-gamla-kyrka-228x300.jpg 228w\" sizes=\"auto, (max-width: 336px) 100vw, 336px\" \/><\/figure>\n","protected":false},"excerpt":{"rendered":"<p>Allhelgonahelgen \u00e4r lite speciell. Vi \u00e4r i den m\u00f6rkaste tiden och vi t\u00e4nker lite extra p\u00e5 de som inte l\u00e4ngre finns kvar. Det blir bes\u00f6k p\u00e5 kyrkog\u00e5rdar, ljus- och lyktt\u00e4ndning, en helg som f\u00f6r de flesta framskrider i stillhet. &nbsp;Kyrkorna&#8230;<\/p>\n","protected":false},"author":2,"featured_media":286,"comment_status":"open","ping_status":"open","sticky":false,"template":"","format":"standard","meta":{"jetpack_post_was_ever_published":false,"_jetpack_newsletter_access":"","_jetpack_dont_email_post_to_subs":false,"_jetpack_newsletter_tier_id":0,"_jetpack_memberships_contains_paywalled_content":false,"_jetpack_memberships_contains_paid_content":false,"footnotes":""},"categories":[8],"tags":[],"class_list":["post-3775","post","type-post","status-publish","format-standard","has-post-thumbnail","hentry","category-runudden"],"jetpack_featured_media_url":"https:\/\/skrivovin.se\/wp-content\/uploads\/2018\/02\/Ragunda-gamla-kyrka.jpg","jetpack_sharing_enabled":true,"_links":{"self":[{"href":"https:\/\/skrivovin.se\/index.php\/wp-json\/wp\/v2\/posts\/3775","targetHints":{"allow":["GET"]}}],"collection":[{"href":"https:\/\/skrivovin.se\/index.php\/wp-json\/wp\/v2\/posts"}],"about":[{"href":"https:\/\/skrivovin.se\/index.php\/wp-json\/wp\/v2\/types\/post"}],"author":[{"embeddable":true,"href":"https:\/\/skrivovin.se\/index.php\/wp-json\/wp\/v2\/users\/2"}],"replies":[{"embeddable":true,"href":"https:\/\/skrivovin.se\/index.php\/wp-json\/wp\/v2\/comments?post=3775"}],"version-history":[{"count":8,"href":"https:\/\/skrivovin.se\/index.php\/wp-json\/wp\/v2\/posts\/3775\/revisions"}],"predecessor-version":[{"id":4914,"href":"https:\/\/skrivovin.se\/index.php\/wp-json\/wp\/v2\/posts\/3775\/revisions\/4914"}],"wp:featuredmedia":[{"embeddable":true,"href":"https:\/\/skrivovin.se\/index.php\/wp-json\/wp\/v2\/media\/286"}],"wp:attachment":[{"href":"https:\/\/skrivovin.se\/index.php\/wp-json\/wp\/v2\/media?parent=3775"}],"wp:term":[{"taxonomy":"category","embeddable":true,"href":"https:\/\/skrivovin.se\/index.php\/wp-json\/wp\/v2\/categories?post=3775"},{"taxonomy":"post_tag","embeddable":true,"href":"https:\/\/skrivovin.se\/index.php\/wp-json\/wp\/v2\/tags?post=3775"}],"curies":[{"name":"wp","href":"https:\/\/api.w.org\/{rel}","templated":true}]}}