{"id":3324,"date":"2020-08-17T11:59:48","date_gmt":"2020-08-17T09:59:48","guid":{"rendered":"https:\/\/skrivovin.se\/?p=3324"},"modified":"2020-08-17T16:54:54","modified_gmt":"2020-08-17T14:54:54","slug":"tankar-om-sommaren-som-blev-annorlunda-men-kanske-inte-helt-fel","status":"publish","type":"post","link":"https:\/\/skrivovin.se\/index.php\/2020\/08\/17\/tankar-om-sommaren-som-blev-annorlunda-men-kanske-inte-helt-fel\/","title":{"rendered":"Tankar om sommaren som blev annorlunda \u2013 men kanske inte helt fel"},"content":{"rendered":"\n<p>Sommaren 2020, som nu \u00e4r inne p\u00e5 sin andra halvlek har skiljt sig fr\u00e5n m\u00e5nga andra somrar. Jag f\u00f6rs\u00f6ker mig p\u00e5 en tidig sammanfattning av b\u00e5de min egen sommar och intryck fr\u00e5n personer jag haft kontakt med.<\/p>\n\n\n\n<p>N\u00e4r jag under f\u00f6rsommaren tr\u00e4ffade bekanta, var ofta k\u00e4nslan \u201datt det har blivit s\u00e5 tr\u00e5kigt. Inga resor, konserter eller annat, att se fram emot. <br>Och visst \u00e4r det trist att inte ha n\u00e5got att planera f\u00f6r, \u00e4ven om det f\u00f6r egen del \u00e4r l\u00e4nge sedan vi gjorde n\u00e5gra l\u00e4ngre resor under sommaren. D\u00e4remot brukar vi g\u00e5 p\u00e5 en del konserter.<br>N\u00e4r det g\u00e4ller resande s\u00e5 har vi f\u00f6rm\u00e5nen att disponera v\u00e5r tid och v\u00e5rt resande brukar vara under senv\u00e5r och h\u00f6st.<\/p>\n\n\n\n<p>N\u00e4r jag den senaste tiden har tr\u00e4ffat personer s\u00e5 har st\u00e4mningen inte varit lika negativ. Tv\u00e4rtom, s\u00e5 har m\u00e5nga funnit gl\u00e4djen i att bes\u00f6ka \u201dp\u00e4rlor\u201d i n\u00e4romr\u00e5det. Vi har mycket fint i n\u00e4rheten och \u00e4ven jag som trott att jag sett det mesta i grannskapet har blivit p\u00e5mind om att jag har mycket kvar att se.<br><br>Trist har det varit att inte tr\u00e4ffa barnbarnen lika ofta som tidigare, men nu under andra halvan av sommaren har vi gjort det. Oftast utomhus, men \u00e4ven med visst avst\u00e5nd inomhus.<\/p>\n\n\n\n<p><strong>Vardagsmotion<\/strong><br>H\u00e4r tycker jag mig ha sett en \u00f6kning. M\u00e5nga som \u00e4r ute och promenerar och cyklar och framf\u00f6rallt s\u00e5 m\u00e4rks det i skogen. Orienteringssportens &#8221;Hittaut&#8221; lockar j\u00e4ttem\u00e5nga till promenader med karta och kompas. Lite probleml\u00f6sning samtidigt med vandrandet. <br>M\u00f6tte ett par f\u00f6r n\u00e5gra veckor sedan. En herre p\u00e5 \u00e5ttiofem, som aldrig orienterat tidigare tog sig fram med hj\u00e4lp av stavar. Han fru, n\u00e5gra \u00e5r yngre, hade inte heller orienterat, men  tillsammans knatade de runt i skogarna n\u00e4ra \u00d6stersund.<br>Kvinnan ber\u00e4ttade ocks\u00e5 att hennes kn\u00e4 blivit mycket b\u00e4ttre sedan hon b\u00f6rjade g\u00e5 i skogen. <br><br><strong>Fj\u00e4llen<\/strong><br>M\u00e5nga har uppt\u00e4ckt v\u00e5r fina fj\u00e4llv\u00e4rld och f\u00f6r f\u00f6rsta g\u00e5ngen gjort en vandring. Roligt, tycker jag, som alltid tillbringat mycket tid ovan tr\u00e4dgr\u00e4nsen. <br>Det ger en frihetsk\u00e4nsla som \u00e4r sv\u00e5r att f\u00e5 n\u00e5gon annanstans. Men k\u00e4ra \u201dmedvandrare\u201d det har tillkommit en negativ effekt av att flera vistas i fj\u00e4llen, n\u00e4mligen nedskr\u00e4pning.<br><br><strong>Kom ih\u00e5g att det finns ingen kommunal soph\u00e4mtning p\u00e5 fj\u00e4llet \u2013 ta med ert skr\u00e4p tillbaka.<\/strong> \u00a0<br><br>Lite tips och minnen fr\u00e5n olika vandringar hittar du h\u00e4r: <a href=\"https:\/\/skrivovin.se\/index.php\/2020\/08\/01\/vandringsvett-och-vandringsminnen\/\">https:\/\/skrivovin.se\/index.php\/2020\/08\/01\/vandringsvett-och-vandringsminnen\/<\/a><\/p>\n\n\n\n<figure class=\"wp-block-image size-large\"><img loading=\"lazy\" decoding=\"async\" width=\"640\" height=\"480\" src=\"https:\/\/skrivovin.se\/wp-content\/uploads\/2018\/09\/DSC03401.jpg\" alt=\"\" class=\"wp-image-835\" srcset=\"https:\/\/skrivovin.se\/wp-content\/uploads\/2018\/09\/DSC03401.jpg 640w, https:\/\/skrivovin.se\/wp-content\/uploads\/2018\/09\/DSC03401-300x225.jpg 300w\" sizes=\"auto, (max-width: 640px) 100vw, 640px\" \/><\/figure>\n\n\n\n<p><strong><br>N\u00e5got skapande<\/strong><br>Roligt \u00e4r ocks\u00e5 att h\u00f6ra personer som tagit tag i \u201dgamla dr\u00f6mmar\u201d, som att skriva, sl\u00e4ktforska och m\u00e5la. \u201dVi har varit s\u00e5 upptagna tidigare med att resa och planera f\u00f6r n\u00e5got i framtiden, s\u00e5 vi har gl\u00f6mt att leva just nu\u201d, \u00e4r vanliga kommentarer som jag h\u00f6rt.<br>Jag har flera g\u00e5nger t\u00e4nkt p\u00e5 en tidigare chef, som tyv\u00e4rr inte finns kvar l\u00e4ngre, som sa till mig vid ett tillf\u00e4lle n\u00e4r jag pratade om att vi beh\u00f6ver ha b\u00e4ttre l\u00e5ngtidsplaner f\u00f6r vissa typer av investeringar. \u201dDu planerar f\u00f6r mycket Torbj\u00f6rn, gl\u00f6m inte att hinna leva i nuet ocks\u00e5\u201d &nbsp;<\/p>\n\n\n\n<p>F\u00f6r egen del s\u00e5 har skrivandet fortsatt, trots att jag hade t\u00e4nkt annorlunda. Efter att boken \u201dBortr\u00e4knad\u201d kom ut f\u00f6rra h\u00f6sten s\u00e5 hade jag inte planerat f\u00f6r n\u00e5got mer stort skrivprojekt.<br>Men saker \u00e4ndras n\u00e4r man tr\u00e4ffar id\u00e9sprutor och kreativa hj\u00e4rnor som Wendla Karlsson och Eva Malm, s\u00e5 nu skriver jag och Eva om olika sorters ensamhet. Det har gett oss fina samtal med m\u00e5nga personer som har mycket att ber\u00e4tta om just ensamhet. Arbetet k\u00e4nns meningsfullt.<\/p>\n\n\n\n<p>Till det s\u00e5 ing\u00e5r jag ocks\u00e5 i en grupp som skriver om \u201dGr\u00e4ft\u00e5vallens utveckling fr\u00e5n f\u00e4bodar till turistort\u201d och bidrar med ett avsnitt i Ragunda Hembygdsf\u00f6reningens \u00e5rskr\u00f6nika \u201dRavund.\u201d <br>Givetvis forts\u00e4tter jag mitt frilansande f\u00f6r n\u00e5gra tidningar. Inspirerande m\u00f6ten med sp\u00e4nnande personer.<br>Roligt att kunna bidra, om \u00e4n ytterst lite, med b\u00e5de kr\u00f6nikan om Gr\u00e4ft\u00e5vallen och Ragunda. Det \u00e4r platser som betytt mycket f\u00f6r mig genom livet.<br><strong><em>S\u00e5 gick det med min plan om att skriva mindre\u2026\u2026\u2026\u2026..<\/em><\/strong> &nbsp;&nbsp;<\/p>\n\n\n\n<p>Det som d\u00e4remot \u00e4r en p\u00e5taglig f\u00f6rs\u00e4mring \u00e4r att alla t\u00e4nkta bokm\u00e4ssor och marknader d\u00e4r jag hade planerat att delta under sommaren har st\u00e4llts in. Nu \u00e4r inkomsterna fr\u00e5n bokf\u00f6rs\u00e4ljningen inte avg\u00f6rande f\u00f6r min levnadsstandard, men det \u00e4r trist att inte f\u00e5 tr\u00e4ffa bokintresserade personer och diskutera b\u00f6cker. Det \u00e4r mycket trevliga inslag i tillvaron.<br>H\u00f6stens t\u00e4nkta f\u00f6rel\u00e4sningar och deltagande p\u00e5 musikcaf\u00e9er och bokm\u00e4ssor \u00e4r givetvis ocks\u00e5 i farozonen.<br><br><\/p>\n\n\n\n<div class=\"wp-block-image\"><figure class=\"aligncenter size-large\"><img loading=\"lazy\" decoding=\"async\" width=\"400\" height=\"267\" src=\"https:\/\/skrivovin.se\/wp-content\/uploads\/2018\/01\/bokslapp_nagon_maste_fa_veta.jpg\" alt=\"\" class=\"wp-image-80\" srcset=\"https:\/\/skrivovin.se\/wp-content\/uploads\/2018\/01\/bokslapp_nagon_maste_fa_veta.jpg 400w, https:\/\/skrivovin.se\/wp-content\/uploads\/2018\/01\/bokslapp_nagon_maste_fa_veta-300x200.jpg 300w\" sizes=\"auto, (max-width: 400px) 100vw, 400px\" \/><figcaption>H\u00e4rligt bokminne.<br>Boksl\u00e4pp av &#8221;N\u00e5gon m\u00e5ste f\u00e5 veta&#8221; i en fullsatt sal p\u00e5 Biblioteket. <br>Folksamling som inte \u00e4r till\u00e5ten nu. <\/figcaption><\/figure><\/div>\n\n\n\n<p><strong>Kalla samtal<\/strong><br>Under f\u00f6rsommaren och sommaren har jag vid r\u00e4tt m\u00e5nga tillf\u00e4llen ringt s.k. kalla samtal och menar med det, att jag ringer n\u00e5gon person som jag inte haft kontakt med p\u00e5 l\u00e4nge och utan att ha ett \u00e4rende. Det har v\u00e4l blivit ett trettiotal samtal.<br>Ja, \u00e4rendet \u00e4r givetvis att \u00e5terknyta kontakten och h\u00f6ra hur personen m\u00e5r. Samtalen har blivit mycket trevliga och givande.<br>Det har varit tidigare kollegor, sl\u00e4ktingar och andra som jag inte pratat med p\u00e5 l\u00e4nge.<br>Som jag k\u00e4nner det nu, s\u00e5 kommer jag d\u00e5 och d\u00e5, att forts\u00e4tta att ringa n\u00e5gon person, utan egentligt \u00e4rende, f\u00f6r att h\u00f6ra hur l\u00e4get \u00e4r.<\/p>\n\n\n\n<p><strong>Till sist<\/strong><br>Vore intressant att h\u00f6ra vad du tycker om den g\u00e5ngna sommaren och om du tror att vi kommer att hemestra mera \u00e4ven i forts\u00e4ttningen, att fj\u00e4llvandra mera och att intresset f\u00f6r att syssla med n\u00e5got skapande kommer att \u00f6ka. Ber\u00e4tta ocks\u00e5 g\u00e4rna om \u00e4ven du brukar ringa \u201dkalla samtal\u201d<br><br>Ha en fortsatt fin avslutning p\u00e5 sommaren \u2013 snart g\u00e5r vi mot den fina h\u00f6sten. &nbsp;<\/p>\n\n\n\n<figure class=\"wp-block-image size-large\"><img loading=\"lazy\" decoding=\"async\" width=\"1024\" height=\"685\" src=\"https:\/\/skrivovin.se\/wp-content\/uploads\/2019\/08\/Hostf\u00e4rger-4-1024x685.jpg\" alt=\"\" class=\"wp-image-2023\" srcset=\"https:\/\/skrivovin.se\/wp-content\/uploads\/2019\/08\/Hostf\u00e4rger-4-1024x685.jpg 1024w, https:\/\/skrivovin.se\/wp-content\/uploads\/2019\/08\/Hostf\u00e4rger-4-300x201.jpg 300w, https:\/\/skrivovin.se\/wp-content\/uploads\/2019\/08\/Hostf\u00e4rger-4-768x514.jpg 768w\" sizes=\"auto, (max-width: 1024px) 100vw, 1024px\" \/><\/figure>\n","protected":false},"excerpt":{"rendered":"<p>Sommaren 2020, som nu \u00e4r inne p\u00e5 sin andra halvlek har skiljt sig fr\u00e5n m\u00e5nga andra somrar. Jag f\u00f6rs\u00f6ker mig p\u00e5 en tidig sammanfattning av b\u00e5de min egen sommar och intryck fr\u00e5n personer jag haft kontakt med. N\u00e4r jag under&#8230;<\/p>\n","protected":false},"author":2,"featured_media":1611,"comment_status":"open","ping_status":"open","sticky":false,"template":"","format":"standard","meta":{"jetpack_post_was_ever_published":false,"_jetpack_newsletter_access":"","_jetpack_dont_email_post_to_subs":false,"_jetpack_newsletter_tier_id":0,"_jetpack_memberships_contains_paywalled_content":false,"_jetpack_memberships_contains_paid_content":false,"footnotes":""},"categories":[8],"tags":[],"class_list":["post-3324","post","type-post","status-publish","format-standard","has-post-thumbnail","hentry","category-runudden"],"jetpack_featured_media_url":"https:\/\/skrivovin.se\/wp-content\/uploads\/2019\/06\/IMG_20160720_110816.jpg","jetpack_sharing_enabled":true,"_links":{"self":[{"href":"https:\/\/skrivovin.se\/index.php\/wp-json\/wp\/v2\/posts\/3324","targetHints":{"allow":["GET"]}}],"collection":[{"href":"https:\/\/skrivovin.se\/index.php\/wp-json\/wp\/v2\/posts"}],"about":[{"href":"https:\/\/skrivovin.se\/index.php\/wp-json\/wp\/v2\/types\/post"}],"author":[{"embeddable":true,"href":"https:\/\/skrivovin.se\/index.php\/wp-json\/wp\/v2\/users\/2"}],"replies":[{"embeddable":true,"href":"https:\/\/skrivovin.se\/index.php\/wp-json\/wp\/v2\/comments?post=3324"}],"version-history":[{"count":11,"href":"https:\/\/skrivovin.se\/index.php\/wp-json\/wp\/v2\/posts\/3324\/revisions"}],"predecessor-version":[{"id":3337,"href":"https:\/\/skrivovin.se\/index.php\/wp-json\/wp\/v2\/posts\/3324\/revisions\/3337"}],"wp:featuredmedia":[{"embeddable":true,"href":"https:\/\/skrivovin.se\/index.php\/wp-json\/wp\/v2\/media\/1611"}],"wp:attachment":[{"href":"https:\/\/skrivovin.se\/index.php\/wp-json\/wp\/v2\/media?parent=3324"}],"wp:term":[{"taxonomy":"category","embeddable":true,"href":"https:\/\/skrivovin.se\/index.php\/wp-json\/wp\/v2\/categories?post=3324"},{"taxonomy":"post_tag","embeddable":true,"href":"https:\/\/skrivovin.se\/index.php\/wp-json\/wp\/v2\/tags?post=3324"}],"curies":[{"name":"wp","href":"https:\/\/api.w.org\/{rel}","templated":true}]}}