{"id":3053,"date":"2020-06-06T15:49:39","date_gmt":"2020-06-06T13:49:39","guid":{"rendered":"https:\/\/skrivovin.se\/?p=3053"},"modified":"2021-06-05T14:24:31","modified_gmt":"2021-06-05T12:24:31","slug":"varfor-vi-ska-hedra-sverige","status":"publish","type":"post","link":"https:\/\/skrivovin.se\/index.php\/2020\/06\/06\/varfor-vi-ska-hedra-sverige\/","title":{"rendered":"Om nya och gamla svenskar och m\u00f6rkerkrafter"},"content":{"rendered":"\n<p>N\u00e4r jag l\u00e4ste ett kort referat fr\u00e5n Jimmie \u00c5kessons senaste tal f\u00f6rundrades jag, \u00f6ver m\u00e5nga saker och n\u00e4mner n\u00e5gra:<br>&#8211; Visst \u00e4r det fantastiskt att ALLA partier innan sd kom med i Riksdagen har gjort allt fel.<br>&#8211; Visst \u00e4r det fantastiskt att han ser ett Sverige i totalt f\u00f6rfall, d\u00e4r inget verkar fungera.<br>&#8211; Visst \u00e4r det fantastiskt, att f\u00f6rutom \u00f6vriga partier, s\u00e5 st\u00e5r invandrare f\u00f6r allt el\u00e4nde som h\u00e4nder i landet.<\/p>\n\n\n\n<p>Jag s\u00e5g inte att han n\u00e4mnde att <strong>en dryg miljon utlandsf\u00f6dda<\/strong>, varje dag g\u00e5r till jobb eller skola.<br>Jag s\u00e5g inte heller att han n\u00e4mnde, att av sjukv\u00e5rdens samtliga anst\u00e4llda \u00e4r <strong>ungef\u00e4r 25 % f\u00f6dda utomlands<\/strong>. Skulle dessa skickas hem, tror jag vi f\u00e5r problem som \u00e4r v\u00e4rt att n\u00e4mna som just problem.<\/p>\n\n\n\n<p><strong>Firandet<\/strong><br>Den 6 juni firar vi Sveriges nationaldag och jag har ofta sagt, att \u201djag tycker om det svenska nationaldagsfirandet\u201d och motfr\u00e5gan brukar alltid bli, \u201dVad\u00e5 f\u00f6r firande, vi firar v\u00e4l ingenting\u201d<br>Ser vi det historiskt s\u00e5 firar vi sj\u00e4lvst\u00e4ndighetsdagen fr\u00e5n danskarna \u00e5r 1523 och f\u00f6r minnet av en regeringsform 1809.\u00a0<br>Men vi har mycket fr\u00e5n v\u00e5r egen tid att fira. Listar n\u00e5gra saker:<br><br><strong>Lugnet<\/strong><br>Jag f\u00f6redrar det lugna svenska firandet. Det har f\u00f6r\u00e4ndrats \u00f6ver tid och har inget riktigt fast form, vilket jag ocks\u00e5 tycker \u00e4r bra. L\u00e5t firandet variera allt eftersom landet och m\u00e4nniskorna f\u00f6r\u00e4ndras.<br>Det finns f\u00f6rmodligen personer i storst\u00e4derna som s\u00e4ger att landet inte \u00e4r lugnt och att det finns alltf\u00f6r mycket kriminalitet. Men f\u00f6r landet som helhet g\u00e4ller inte det.<br><br>Jag \u00e4r glad att vi slipper ett hysteriskt flaggviftande, eller stora milit\u00e4rparader som visas upp i andra l\u00e4nder.<br>Jag vill att firandet ska vara personligt, g\u00e4rna med en stunds eftertanke och tacksamhet. Det kan vara med sl\u00e4kt och v\u00e4nner, kaffe och jordgubbst\u00e5rta i tr\u00e4dg\u00e5rden, musikk\u00e5ren p\u00e5 Skansen eller folkmusik vid n\u00e5gon hembygdsg\u00e5rd.<br><strong><br>Det gamla<\/strong><br>Vi har en l\u00e5ng historia i landet och ett oerh\u00f6rt kulturarv att f\u00f6rvalta. N\u00e5got som delvis lyfts fram vid hembygdsg\u00e5rdarna. Det ska vi fira och bevara, men g\u00e4rna ocks\u00e5 utveckla. \u00a0<br>Vi har gamla personer som har mycket att ber\u00e4tta. L\u00e5t dem komma till tals p\u00e5 nationaldagen. Att f\u00e5 ber\u00e4ttelser fr\u00e5n tider n\u00e4r budskap inte gick via facebook och twitter. Allt f\u00f6r att h\u00e5lla ihop v\u00e5r historia.<\/p>\n\n\n\n<p><strong>Det nya<\/strong><br>H\u00e4r finns det mycket vi kan g\u00f6ra. V\u00e5rt land har tagit emot m\u00e5nga nya m\u00e4nniskor, b\u00e5de i n\u00e4rtid men ocks\u00e5 under m\u00e5nga perioder tidigare.<br>Det ska vi vara stolta \u00f6ver och vi m\u00e5ste inse att alla nya medborgare genom \u00e5ren har bidragit till v\u00e5rt lands utveckling.<br>Och det \u00e4r h\u00e4r som jag tycker vi m\u00e5ste t\u00e4nka l\u00e4ngre \u00e4n till de skjutningar och spr\u00e4ngningar som d\u00e5 och d\u00e5 p\u00e5g\u00e5r, och d\u00e4r flera av f\u00f6r\u00f6varna \u00e4r f\u00f6dda utomlands. Vi m\u00e5ste se, det som Jimmie \u00c5kesson, s\u00e5 tydligt blundar f\u00f6r, n\u00e4mligen alla som kommer hit och bidrar till landets f\u00f6rs\u00f6rjning.<br>Jag kan inte komma ifr\u00e5n tankarna p\u00e5 hur sjukv\u00e5rden skulle sett ut idag, om inte alla utlandsf\u00f6dda funnits.<br><br><strong>F\u00f6rdomar<\/strong><br>\u00c4ven jag har haft f\u00f6rdomar mot vissa utlandsf\u00f6dda och ska n\u00e4mna tv\u00e5 exempel som l\u00e4rt mig mycket:<br>1. N\u00e4r jag var IT-ansvarig (det hette nog ADB-ansvarig p\u00e5 den tiden) i gamla Sparbanken J\u00e4mtland, ringde en l\u00e4rare fr\u00e5n Komvux och undrade om en utl\u00e4ndsk elev fick komma och intervjua mig. Han var fr\u00e5n Irak och han fick givetvis komma. <br>Han kom och vi b\u00f6rjade prata och ganska snart k\u00e4nde jag att han hade kunskaper som inte jag hade. Jag lyckades f\u00f6ra \u00f6ver samtalet till hans bakgrund och fick veta att han hade universitetsexamen i ekonomi och systemvetenskap. Han hade varit IT-chef f\u00f6r ett f\u00f6retag med omkring tiotusen anst\u00e4llda.<br>Jag fick l\u00e4ra mig mycket och han fick kontaktuppgifter till personalchefen f\u00f6r Sparbankernas gemensamma datacentraler. Om han b\u00f6rjade d\u00e4r, vet jag inte.<br><br>2. N\u00e4r m\u00e5nga av de banksammanslagningar som jag upplevt, var genomf\u00f6rda hamnade jag p\u00e5 Koncerns\u00e4kerhetsavdelningen vid huvudkontoret i Stockholm. D\u00e4r fanns en anst\u00e4lld fr\u00e5n Iran. I ett projektarbete d\u00e4r vi b\u00e5da deltog skulle vi presentera oss f\u00f6r varandra.<br>Han hade en liknande bakgrund som en person jag nyss beskrev, men vi \u00f6vriga i projektgruppen blev ocks\u00e5 nyfikna p\u00e5 hans till synes goda spr\u00e5kkunskaper och han f\u00f6rklarade f\u00f6rsynt att han \u201dkunde bara sju spr\u00e5k\u201d, vilket v\u00e4l var dubbelt s\u00e5 m\u00e5nga som vi \u00f6vriga kunde.<\/p>\n\n\n\n<p>Sedan jag slutade i banken har jag haft en del kontakt med honom och han har fortsatt sin karri\u00e4r som koncerns\u00e4kerhetschef i f\u00f6rst ett stort f\u00f6rs\u00e4kringsbolag och nu finns han hos en stor statlig myndighet.<\/p>\n\n\n\n<p>Jag n\u00e4mner dessa personer som exempel p\u00e5 vilken enorm kunskap som invandrat till landet och som Jimme med flera \u00e4r fullkomligt blinda och d\u00f6va inf\u00f6r. <br><strong>Vi m\u00e5ste anstr\u00e4nga oss f\u00f6r att se nysvenskar som individer och inte som ett kollektiv<\/strong>. <br><br><strong>Men f\u00f6r att ingen ska missf\u00f6rst\u00e5 mig, s\u00e5 ska sj\u00e4lvfallet grovt kriminella invandrare straffas och utvisas.<br><br>Nationaldagen <\/strong><br>L\u00e5t nationaldagen fungera som en \u201dv\u00e4lkommendag\u201d till nysvenskar. P\u00e5 m\u00e5nga h\u00e5ll i landet sker det redan, l\u00e5t detta v\u00e4xa.\u00a0<br>L\u00e5t dem ber\u00e4tta sin historia och hur de kan bidra till att f\u00f6rb\u00e4ttra Sveriges framtid.<\/p>\n\n\n\n<p><strong>De unga<\/strong><br>F\u00f6rsommaren \u00e4r ungdomens tid. Nykl\u00e4ckta studenter som \u00e4nnu inte begr\u00e4nsat sitt synf\u00e4lt eller sin tro p\u00e5 livets m\u00f6jligheter. Dessa friska fl\u00e4ktar ska givetvis uppm\u00e4rksammas. Dans, idrott, gl\u00e4dje och obegr\u00e4nsad framtidstro. H\u00e4r \u00e4r givetvis kombinationen med v\u00e5ra nysvenska ungdomar given.<br><strong>Bland dessa finns det kanske en ny Laleh\u2026.<\/strong><\/p>\n\n\n\n<p><strong>Friheten<\/strong><br>Vi lever i ett fritt land. V\u00e5r allemansr\u00e4tt \u00e4r unik och jag minns den f\u00f6rv\u00e5ning jag m\u00f6ttes av fr\u00e5n en professor fr\u00e5n ett afrikanskt land, n\u00e4r han fr\u00e5gade mig om han fick g\u00e5 upp p\u00e5 fj\u00e4llet i Gr\u00e4ft\u00e5vallen och jag bara svarade, \u201dja visst det \u00e4r bara att vandra.\u201d Han fr\u00e5gade efter en stund om han kunde bo i t\u00e4lt en natt p\u00e5 fj\u00e4llet. \u00c5terigen svarade jag bara: \u201dJa visst\u201d och fick samma fr\u00e5gande uttryck emot mig.<\/p>\n\n\n\n<p>Han v\u00e5gade emellertid inte bo ensam p\u00e5 fj\u00e4llet och en v\u00e4nligt sinnad person f\u00f6ljde honom och bodde tillsammans med honom i t\u00e4ltet. Den afrikanske professorn fick, i total tystnad och frihet, se soluppg\u00e5ngen p\u00e5 \u00d6sterfj\u00e4llet, n\u00e5got som han f\u00f6rmodligen aldrig kommer att gl\u00f6mma.<\/p>\n\n\n\n<p>Vi har mycket att v\u00e5rda och fira i landet. Jag hoppas att vi st\u00e5r emot alla m\u00f6rka krafter som verkar just nu.<br>Det h\u00e4r inl\u00e4gget kan mycket v\u00e4l orsaka n\u00e5gra hatmail till mig. Det har h\u00e4nt tidigare.<\/p>\n\n\n\n<p>Jag t\u00e4nker \u00e4nd\u00e5 forts\u00e4tta att f\u00f6rsvara v\u00e5r frihet och \u00f6ppenhet.<\/p>\n\n\n\n<figure class=\"wp-block-image size-large\"><img loading=\"lazy\" decoding=\"async\" width=\"1024\" height=\"768\" src=\"https:\/\/skrivovin.se\/wp-content\/uploads\/2018\/11\/Mot-\u00d6sterfj\u00e4llet-och-Storsj\u00f6n-1024x768.jpg\" alt=\"\" class=\"wp-image-895\" srcset=\"https:\/\/skrivovin.se\/wp-content\/uploads\/2018\/11\/Mot-\u00d6sterfj\u00e4llet-och-Storsj\u00f6n-1024x768.jpg 1024w, https:\/\/skrivovin.se\/wp-content\/uploads\/2018\/11\/Mot-\u00d6sterfj\u00e4llet-och-Storsj\u00f6n-300x225.jpg 300w, https:\/\/skrivovin.se\/wp-content\/uploads\/2018\/11\/Mot-\u00d6sterfj\u00e4llet-och-Storsj\u00f6n-768x576.jpg 768w, https:\/\/skrivovin.se\/wp-content\/uploads\/2018\/11\/Mot-\u00d6sterfj\u00e4llet-och-Storsj\u00f6n.jpg 1600w\" sizes=\"auto, (max-width: 1024px) 100vw, 1024px\" \/><figcaption>OLYMPUS DIGITAL CAMERA<\/figcaption><\/figure>\n","protected":false},"excerpt":{"rendered":"<p>N\u00e4r jag l\u00e4ste ett kort referat fr\u00e5n Jimmie \u00c5kessons senaste tal f\u00f6rundrades jag, \u00f6ver m\u00e5nga saker och n\u00e4mner n\u00e5gra:&#8211; Visst \u00e4r det fantastiskt att ALLA partier innan sd kom med i Riksdagen har gjort allt fel.&#8211; Visst \u00e4r det fantastiskt&#8230;<\/p>\n","protected":false},"author":2,"featured_media":1611,"comment_status":"open","ping_status":"open","sticky":false,"template":"","format":"standard","meta":{"jetpack_post_was_ever_published":false,"_jetpack_newsletter_access":"","_jetpack_dont_email_post_to_subs":false,"_jetpack_newsletter_tier_id":0,"_jetpack_memberships_contains_paywalled_content":false,"_jetpack_memberships_contains_paid_content":false,"footnotes":""},"categories":[8],"tags":[],"class_list":["post-3053","post","type-post","status-publish","format-standard","has-post-thumbnail","hentry","category-runudden"],"jetpack_featured_media_url":"https:\/\/skrivovin.se\/wp-content\/uploads\/2019\/06\/IMG_20160720_110816.jpg","jetpack_sharing_enabled":true,"_links":{"self":[{"href":"https:\/\/skrivovin.se\/index.php\/wp-json\/wp\/v2\/posts\/3053","targetHints":{"allow":["GET"]}}],"collection":[{"href":"https:\/\/skrivovin.se\/index.php\/wp-json\/wp\/v2\/posts"}],"about":[{"href":"https:\/\/skrivovin.se\/index.php\/wp-json\/wp\/v2\/types\/post"}],"author":[{"embeddable":true,"href":"https:\/\/skrivovin.se\/index.php\/wp-json\/wp\/v2\/users\/2"}],"replies":[{"embeddable":true,"href":"https:\/\/skrivovin.se\/index.php\/wp-json\/wp\/v2\/comments?post=3053"}],"version-history":[{"count":5,"href":"https:\/\/skrivovin.se\/index.php\/wp-json\/wp\/v2\/posts\/3053\/revisions"}],"predecessor-version":[{"id":4545,"href":"https:\/\/skrivovin.se\/index.php\/wp-json\/wp\/v2\/posts\/3053\/revisions\/4545"}],"wp:featuredmedia":[{"embeddable":true,"href":"https:\/\/skrivovin.se\/index.php\/wp-json\/wp\/v2\/media\/1611"}],"wp:attachment":[{"href":"https:\/\/skrivovin.se\/index.php\/wp-json\/wp\/v2\/media?parent=3053"}],"wp:term":[{"taxonomy":"category","embeddable":true,"href":"https:\/\/skrivovin.se\/index.php\/wp-json\/wp\/v2\/categories?post=3053"},{"taxonomy":"post_tag","embeddable":true,"href":"https:\/\/skrivovin.se\/index.php\/wp-json\/wp\/v2\/tags?post=3053"}],"curies":[{"name":"wp","href":"https:\/\/api.w.org\/{rel}","templated":true}]}}