{"id":302,"date":"2018-03-09T09:58:42","date_gmt":"2018-03-09T08:58:42","guid":{"rendered":"https:\/\/skrivovin.se\/?p=302"},"modified":"2018-03-09T10:00:39","modified_gmt":"2018-03-09T09:00:39","slug":"varfor-ni-ska-aka-till-jamtland-och-norrbotten-och-inte-bara-till-norrland","status":"publish","type":"post","link":"https:\/\/skrivovin.se\/index.php\/2018\/03\/09\/varfor-ni-ska-aka-till-jamtland-och-norrbotten-och-inte-bara-till-norrland\/","title":{"rendered":"Varf\u00f6r ni ska \u00e5ka till J\u00e4mtland och Norrbotten och inte bara till Norrland."},"content":{"rendered":"<p><img loading=\"lazy\" decoding=\"async\" class=\"size-medium wp-image-303 alignleft\" src=\"https:\/\/skrivovin.se\/wp-content\/uploads\/2018\/03\/Sverige-omv\u00e4nt-212x300.jpg\" alt=\"\" width=\"212\" height=\"300\" srcset=\"https:\/\/skrivovin.se\/wp-content\/uploads\/2018\/03\/Sverige-omv\u00e4nt-212x300.jpg 212w, https:\/\/skrivovin.se\/wp-content\/uploads\/2018\/03\/Sverige-omv\u00e4nt.jpg 283w\" sizes=\"auto, (max-width: 212px) 100vw, 212px\" \/><\/p>\n<p>Med oj\u00e4mna mellanrum reagerar jag p\u00e5 Norrlandsokunskapen\u201d som finns i s\u00f6dra delen av v\u00e5rt land. F\u00f6r en tid sedan l\u00e4ste jag en artikel som Julia Palo, fr\u00e5n Jokkmokk hade skrivit. Den inspirerade mig och hon hade reagerat likadant som jag ofta g\u00f6r och vill d\u00e4rf\u00f6r komma med en Norrlandslektion.<br \/>\nMen inte bara en lektion i geografi, utan \u00e4ven ett f\u00f6rs\u00f6k att f\u00e5 er att inse att m\u00e5nga \u00e5sikter som framf\u00f6rs medvetet eller av ren okunskap, \u00e4r of\u00f6rsk\u00e4mda och ibland kr\u00e4nkande.<\/p>\n<p>N\u00e5gra exempel:<br \/>\n\u201d\u00c5h vad h\u00e4rligt att h\u00f6ra n\u00e5gon prata norrl\u00e4ndska!\u201d,<br \/>\n\u201dDu \u00e4r s\u00e5 typisk norrl\u00e4ndsk!\u201d,<br \/>\n\u201dJag var i Norrland i somras\u201d.<\/p>\n<p>Tre meningar som \u00e4r vanliga att st\u00f6ta p\u00e5 f\u00f6r oss som bor i detta omr\u00e5de. Ett omr\u00e5de som t\u00e4cker <strong>tv\u00e5 tredjedelar av Sveriges yta, best\u00e5r av nio landskap d\u00e4r 1,1 miljoner m\u00e4nniskor bor, tillh\u00f6r olika nationaliteter och som pratar hundratals olika dialekter och flera olika spr\u00e5k.<\/strong><\/p>\n<p><strong>Reaktion<br \/>\n<\/strong>Jag har aldrig h\u00f6rt n\u00e5gon s\u00e4ga:<br \/>\n\u201d\u00c5h, vad h\u00e4rligt med n\u00e5gon som pratar g\u00f6tal\u00e4ndska\u201d, till n\u00e5gon som kommer fr\u00e5n Lund eller n\u00e5gon som \u201dvar i Svealand i somras\u201d n\u00e4r personen bes\u00f6kte Str\u00e4ngn\u00e4s. Inte heller s\u00e4ga till en\u00a0person fr\u00e5n Eksj\u00f6 vara \u201ds\u00e5 typisk g\u00f6tal\u00e4ndsk\u2019\u2019?<\/p>\n<p>Uttrycket norrl\u00e4ndskt har tydligen blivit s\u00e5 f\u00f6rankrat i v\u00e5ra ordb\u00f6cker att det inte ens f\u00e5r en r\u00f6dmarkering n\u00e4r det skrivs, medan sveal\u00e4ndsk och g\u00f6tal\u00e4ndsk tydligen anses felstavade, f\u00f6r d\u00e4r kommer ett r\u00f6tt streck under ordet.<\/p>\n<p>Bagatellartat kanske m\u00e5nga tycker, men i f\u00f6rl\u00e4ngningen \u00e4r denna Norrlandsokunskap f\u00f6r\u00f6dande.<strong> Den speglar p\u00e5 n\u00e5got s\u00e4tt landets uppbyggnad och den or\u00e4ttvisa resursf\u00f6rdelningen.<\/strong><\/p>\n<p><strong>Det bli \u00e4nnu v\u00e4rre<br \/>\n<\/strong>F\u00f6rmodligen kommer det att bli \u00e4nnu v\u00e4rre. Riksmediernas bevakning fr\u00e5n norra Sverige p\u00e5 senare \u00e5r minskat och till exempel s\u00e5 finns TT:s nordligaste redaktion i Stockholm. Besparing \u00e4r orsaken och f\u00f6ljden \u00e4r given. Rapporteringen blir bristf\u00e4llig, och risken \u00e4r stor att viktiga nyheter missas.<br \/>\nNyheter som ligger till grund f\u00f6r allm\u00e4nhetens kunskaper om vad som h\u00e4nder i landet, som i sin tur p\u00e5verkar politiska beslut.<\/p>\n<p>Och det \u00e4r inga sm\u00e5 fr\u00e5gor som missas eller gl\u00f6ms. Det \u00e4r till exempel fr\u00e5gor om <strong>den oansvariga exploateringen av naturresurser och gruvetableringar renbetesomr\u00e5den.<\/strong> Ett annat \u00e4r den or\u00e4ttvisa f\u00f6rdelningen av resurser som bland annat leder till <strong>att samh\u00e4llsservice l\u00e4ggs ner<\/strong> och hamnar allt l\u00e4ngre bort fr\u00e5n inv\u00e5narna. Detta \u00e4r fr\u00e5gor som \u00e4r avg\u00f6rande f\u00f6r v\u00e5r lands\u00e4ndes \u00f6verlevnad; \u00e4nd\u00e5 verkar de inte ber\u00f6ra riksmedia s\u00e4rskilt djupt.<\/p>\n<p><strong>F\u00f6rs\u00f6k f\u00f6rst\u00e5<br \/>\n<\/strong>Jag \u00e4r j\u00e4mtl\u00e4nning liksom b\u00e5da mina f\u00f6r\u00e4ldrar var. Vi \u00e4r f\u00f6dda i \u00f6stra J\u00e4mtland med den dialekt som fanns d\u00e4r och som skiljer sig mycket fr\u00e5n dialekter i v\u00e4stra, s\u00f6dra och norra J\u00e4mtland. Vi pratade Ragundam\u00e5l och inte n\u00e5gon norrl\u00e4ndska som jag inte h\u00f6rt n\u00e5gon kunnat f\u00f6rklara vad det \u00e4r.<\/p>\n<p>Avst\u00e5ndet mellan \u00d6stersund och Malm\u00f6 \u00e4r bara marginellt st\u00f6rre \u00e4n avst\u00e5ndet mellan \u00d6stersund och Kiruna, \u00e4nd\u00e5 verkar m\u00e5nga tro att \u00d6stersund och Kiruna har ungef\u00e4r samma kulturella bakgrund.<\/p>\n<p>F\u00f6r oss som kommer h\u00e4rifr\u00e5n \u00e4r det d\u00e4rf\u00f6r v\u00e4ldigt sv\u00e5rt att relatera till ord som \u201dnorrl\u00e4nning\u2019\u2019, \u201dNorrland\u201d eller \u201dnorrl\u00e4ndskt\u201d.<br \/>\nDe \u00e4r uttryck som har blivit urvattnade, eftersom de applicerats p\u00e5 alla m\u00e4nniskor, orter och dialekter som kommer norr om G\u00e4vle.<\/p>\n<p>M\u00e5nga \u00e4r v\u00e4ldigt medvetna om olika rasistiska strukturer i v\u00e4rlden och ogillar exotifieringen av olika kulturer. Detta \u00e4r oerh\u00f6rt viktigt, men jag upplever att m\u00e5nga av dessa personer samtidigt anv\u00e4nder begreppet Norrland som om det <strong>vore ett landskap<\/strong>, och <strong>norrl\u00e4ndska som om det vore en dialekt<\/strong>.<\/p>\n<p>Okunskapen om just v\u00e5r lands\u00e4nde och v\u00e5r kultur blir j\u00e4ttetydlig. S\u00e5 tydlig att det n\u00e4stan \u00e4r j\u00e4mf\u00f6rbart med rasism mot norrl\u00e4nningar. <strong>Jag sa n\u00e4stan.<\/strong><\/p>\n<p><strong>J\u00e4garna<br \/>\n<\/strong>Ibland ber\u00e4ttar media om norra delen av landet och det \u00e4r n\u00e4r filmer och teveserier som \u201dJ\u00e4garna\u201d eller \u201dPistvakt\u201d blir popul\u00e4ra. Det k\u00e4nns som m\u00e5nga tror att dessa visar det \u201driktiga Norrland.\u201d<br \/>\n\u00c4ven om serierna kan underh\u00e5lla s\u00e5 bygger de tyv\u00e4rr p\u00e5 f\u00f6rdomarna.<\/p>\n<p>Jag tycker att det \u00e4r bra att det finns dialekter. Den sv\u00e5rf\u00f6rst\u00e5eliga sk\u00e5nskan och den mjuka goa v\u00e4rml\u00e4ndskan \u00e4r n\u00e5gra. Jag tror inte att ni skulle uppskatta om vi slentrianm\u00e4ssigt skulle s\u00e4ga att ni pratar g\u00f6tal\u00e4ndska och sveal\u00e4ndska.<\/p>\n<p><strong>Vi kr\u00e4ver att ni i Svealand och G\u00f6taland ocks\u00e5 kan inse att vi i norra Sverige pratar j\u00e4mtska, h\u00e4rjedalska, \u00e5ngemanl\u00e4ndska och flera andra dialekter.<\/strong><\/p>\n<p><strong>Och en sak till:<\/strong><br \/>\nAtt forts\u00e4tta tro att m\u00e4nniskor fr\u00e5n Norrland \u00e4r tystl\u00e5tna och lugna som lever p\u00e5 bidrag, \u00e4r inte det<strong> typsikt sveal\u00e4ndskt<\/strong>? Och att tro att alla i Norrland har samma dialekt, det \u00e4r s\u00e5 <strong>typiskt g\u00f6tal\u00e4nningar<\/strong>!<\/p>\n","protected":false},"excerpt":{"rendered":"<p>Med oj\u00e4mna mellanrum reagerar jag p\u00e5 Norrlandsokunskapen\u201d som finns i s\u00f6dra delen av v\u00e5rt land. F\u00f6r en tid sedan l\u00e4ste jag en artikel som Julia Palo, fr\u00e5n Jokkmokk hade skrivit. Den inspirerade mig och hon hade reagerat likadant som jag&#8230;<\/p>\n","protected":false},"author":2,"featured_media":0,"comment_status":"open","ping_status":"open","sticky":false,"template":"","format":"standard","meta":{"jetpack_post_was_ever_published":false,"_jetpack_newsletter_access":"","_jetpack_dont_email_post_to_subs":false,"_jetpack_newsletter_tier_id":0,"_jetpack_memberships_contains_paywalled_content":false,"_jetpack_memberships_contains_paid_content":false,"footnotes":""},"categories":[8],"tags":[],"class_list":["post-302","post","type-post","status-publish","format-standard","hentry","category-runudden","no-post-thumbnail"],"jetpack_featured_media_url":"","jetpack_sharing_enabled":true,"_links":{"self":[{"href":"https:\/\/skrivovin.se\/index.php\/wp-json\/wp\/v2\/posts\/302","targetHints":{"allow":["GET"]}}],"collection":[{"href":"https:\/\/skrivovin.se\/index.php\/wp-json\/wp\/v2\/posts"}],"about":[{"href":"https:\/\/skrivovin.se\/index.php\/wp-json\/wp\/v2\/types\/post"}],"author":[{"embeddable":true,"href":"https:\/\/skrivovin.se\/index.php\/wp-json\/wp\/v2\/users\/2"}],"replies":[{"embeddable":true,"href":"https:\/\/skrivovin.se\/index.php\/wp-json\/wp\/v2\/comments?post=302"}],"version-history":[{"count":1,"href":"https:\/\/skrivovin.se\/index.php\/wp-json\/wp\/v2\/posts\/302\/revisions"}],"predecessor-version":[{"id":304,"href":"https:\/\/skrivovin.se\/index.php\/wp-json\/wp\/v2\/posts\/302\/revisions\/304"}],"wp:attachment":[{"href":"https:\/\/skrivovin.se\/index.php\/wp-json\/wp\/v2\/media?parent=302"}],"wp:term":[{"taxonomy":"category","embeddable":true,"href":"https:\/\/skrivovin.se\/index.php\/wp-json\/wp\/v2\/categories?post=302"},{"taxonomy":"post_tag","embeddable":true,"href":"https:\/\/skrivovin.se\/index.php\/wp-json\/wp\/v2\/tags?post=302"}],"curies":[{"name":"wp","href":"https:\/\/api.w.org\/{rel}","templated":true}]}}