{"id":295,"date":"2018-03-06T11:45:52","date_gmt":"2018-03-06T10:45:52","guid":{"rendered":"https:\/\/skrivovin.se\/?p=295"},"modified":"2018-03-06T16:24:38","modified_gmt":"2018-03-06T15:24:38","slug":"heltidstjanst-eller-heltidsarbete","status":"publish","type":"post","link":"https:\/\/skrivovin.se\/index.php\/2018\/03\/06\/heltidstjanst-eller-heltidsarbete\/","title":{"rendered":"Heltidstj\u00e4nst eller heltidsarbete"},"content":{"rendered":"<p>&nbsp;<\/p>\n<p>&nbsp;<\/p>\n<p><img loading=\"lazy\" decoding=\"async\" class=\"size-medium wp-image-296 alignleft\" src=\"https:\/\/skrivovin.se\/wp-content\/uploads\/2018\/03\/Torbj\u00f6rn-p\u00e5-rygg-300x300.jpg\" alt=\"\" width=\"300\" height=\"300\" srcset=\"https:\/\/skrivovin.se\/wp-content\/uploads\/2018\/03\/Torbj\u00f6rn-p\u00e5-rygg-300x300.jpg 300w, https:\/\/skrivovin.se\/wp-content\/uploads\/2018\/03\/Torbj\u00f6rn-p\u00e5-rygg-150x150.jpg 150w, https:\/\/skrivovin.se\/wp-content\/uploads\/2018\/03\/Torbj\u00f6rn-p\u00e5-rygg.jpg 336w\" sizes=\"auto, (max-width: 300px) 100vw, 300px\" \/><\/p>\n<p>Minns en f\u00f6rel\u00e4sning f\u00f6r en del \u00e5r sedan, d\u00e4r <strong>Stina Lundberg Dabrowski<\/strong> pratade utifr\u00e5n \u00e4mnet om hon hade en heltidstj\u00e4nst, allts\u00e5 arbetade heltid. Jag minns hennes kloka svar tydligt:<br \/>\n<strong>\u2013 Jag tycker att livet \u00e4r ett heltidsarbete.\u00a0<\/strong><br \/>\nSedan utvecklade hon tankarna p\u00e5 ett s\u00e4tt som gjorde att jag k\u00e4nde att\u00a0en s\u00e5 kallad heltidstj\u00e4nst inte har s\u00e5 mycket med heltidsarbete att g\u00f6ra.<\/p>\n<p><strong>Barndom<\/strong><br \/>\nJag b\u00f6rjade t\u00e4nka p\u00e5 mina barnbarn och funderade om de redan hade b\u00f6rjat sitt heltidsarbete. Om livet \u00e4r ett heltidsarbete d\u00e5 b\u00f6rjar rimligen arbetet redan n\u00e4r vi f\u00f6ds. Jag kom fram till att det mycket v\u00e4l kan vara p\u00e5 det viset.<\/p>\n<p>Ett litet barn har en ofantlig arbetsb\u00f6rda. T\u00e4nk dig allt som ska l\u00e4ras in. \u00c4ta, dricka, v\u00e4nda sig, sitta, g\u00e5, springa, prata, sjunga och mycket, mycket mera:<br \/>\n\u2013 Kan du sitta stilla och vara lite tyst, \u00e4r en inte ovanlig kommentar fr\u00e5n barnets f\u00f6r\u00e4ldrar, n\u00e4r de blivit n\u00e5gra \u00e5r.<br \/>\nJaha, vara tyst och sitta stilla, trots att det inte \u00e4r alltf\u00f6r l\u00e4nge sedan omgivningen appl\u00e5derade alla ord och steg. <strong>Dygnetruntarbetet f\u00f6r all inl\u00e4rning sker inte alla g\u00e5nger med de mest konsekventa ledarna.<\/strong><\/p>\n<p><strong>Ungdom<\/strong><br \/>\nYtterligare n\u00e5gra \u00e5r fram\u00e5t i tiden. Skola, feriejobb, flytt, fritidsaktiviteter, kompisar, f\u00f6r\u00e4lskelser och besvikelser. Tankar och kanske prestations\u00e5ngest under dygnets alla vakna timmar.<\/p>\n<p>S\u00e5 sm\u00e5ningom n\u00e5r vi fram till den punkt n\u00e4r vi ska ha en anst\u00e4llning. Vi har blivit vuxna. Och nu intr\u00e4ffar det. Vi har ett heltidsarbete, deltidsarbete eller kanske en projektanst\u00e4llning. <strong>Heltidstj\u00e4nsten, omkring 40 timmar i veckan, inneb\u00e4r ungef\u00e4r 40 % av veckans timmar<\/strong>. Men de \u00f6viga 60 procenten av veckan d\u00e5?<\/p>\n<p><strong>Vuxen<\/strong><br \/>\nVi flyttar fram igen. Familjebildning, yrkeskarri\u00e4r, st\u00f6ttar barn med allt som jag redan har beskrivit. F\u00f6rutom de timmar vi sover \u00e4r vi mitt i ekorrhjulet. Tiden g\u00e5r fort, vi jobbar mycket. Mycket, mycket mer \u00e4r heltidstj\u00e4nsten.<\/p>\n<p><strong>Pensionering<\/strong><br \/>\nFlyttar fram klockan en g\u00e5ng till. Helt pl\u00f6tsligt har vi n\u00e5tt till den punkt n\u00e4r vi ska sluta arbeta. Eller ska vi det?<br \/>\nJag tror att det \u00e4r den s\u00e5 kallade heltidstj\u00e4nsten vi ska sluta. Men om vi \u00e4r friska, slutar vi inte arbeta.<br \/>\nDet h\u00e4r \u00e4r tidpunkten n\u00e4r vi inser att vi inte har gjort allt vi dr\u00f6mt om att g\u00f6ra. Vi har f\u00f6rhoppningsvis barn och barnbarn att st\u00f6tta. Vi ska g\u00f6ra de resor vi \u00e4nnu inte hunnit med. Kanske vill vi ha ett litet extrakn\u00e4ck. Och motionera och skriva boken som vi s\u00e5 l\u00e4nge planerat, g\u00e5 p\u00e5 n\u00e5gra kurser som inte har med jobbet att g\u00f6ra. Dessutom ska vi hinna med att tr\u00e4ffa sl\u00e4ktingar, fotografera och handarbeta.<br \/>\nGivetvis ska vi l\u00e4sa alla b\u00f6cker som st\u00e5r ol\u00e4sta i bokhyllan. <strong>Och sedan ska vi\u2026.<\/strong><\/p>\n<p><strong>\u00c5lderdom<\/strong><br \/>\nFlyttar fram en g\u00e5ng till. N\u00e4r vi blir s\u00e5 gamla s\u00e5 att vi inte klarar oss sj\u00e4lva. F\u00f6rmodligen b\u00f6rjar vi den allra jobbigaste perioden. Fr\u00e5n att ha varit aktiva och behj\u00e4lpliga till att beh\u00f6va hj\u00e4lpas. Jag minns min mormor sa en g\u00e5ng:<\/p>\n<p>\u2014 <strong>Att bli gammal \u00e4r det jobbigaste skiftet<\/strong><\/p>\n<p><strong>Reflektion<\/strong><br \/>\nJag k\u00e4nner igen mig n\u00e4r jag t\u00e4nker tillbaka p\u00e5 min heltidstj\u00e4nst.<br \/>\nD\u00e5 hade jag <strong>arbetstid<\/strong> som omedelbart \u00f6vergick till<strong> jourtid<\/strong> n\u00e4r jag kom hem.<br \/>\nRimligen hade jag d\u00e5 ingen fritid, men jag hann \u00e4nd\u00e5 med en massa fritidsaktiviteter. Arbete, jour och fritid gick ihop p\u00e5 n\u00e5got s\u00e4tt och den tidrapport jag l\u00e4mnade varje m\u00e5nad hade enbart med min l\u00f6n att g\u00f6ra, ingenting med hur mycket jag arbetade.<br \/>\n<strong>Nu n\u00e4r jag inte har n\u00e5gon heltidsanst\u00e4llning, tycker jag fortfarande att jag har b\u00e5de arbetstid och jourtid \u00e4ven om inneh\u00e5llet har f\u00f6r\u00e4ndrats.<\/strong><\/p>\n<p>Jag tycker att Stina Lundberg Dabrowski hade s\u00e5 r\u00e4tt n\u00e4r hon sa att livet \u00e4r ett heltidsarbete och inte har n\u00e5gonting med en heltidstj\u00e4nst att g\u00f6ra.<\/p>\n<p>&nbsp;<\/p>\n<p><img decoding=\"async\" class=\"aligncenter\" src=\"https:\/\/skrivovin.se\/wp-content\/uploads\/2018\/03\/Torbj%C3%B6rn-p%C3%A5-rygg-300x300.jpg\" \/><\/p>\n<p style=\"text-align: center;\">Och heltidsarbetet kr\u00e4ver ju ocks\u00e5 s\u00e5dana h\u00e4r stunder&#8230;..<\/p>\n<p>&nbsp;<\/p>\n","protected":false},"excerpt":{"rendered":"<p>&nbsp; &nbsp; Minns en f\u00f6rel\u00e4sning f\u00f6r en del \u00e5r sedan, d\u00e4r Stina Lundberg Dabrowski pratade utifr\u00e5n \u00e4mnet om hon hade en heltidstj\u00e4nst, allts\u00e5 arbetade heltid. Jag minns hennes kloka svar tydligt: \u2013 Jag tycker att livet \u00e4r ett heltidsarbete.\u00a0 Sedan&#8230;<\/p>\n","protected":false},"author":2,"featured_media":0,"comment_status":"open","ping_status":"open","sticky":false,"template":"","format":"standard","meta":{"jetpack_post_was_ever_published":false,"_jetpack_newsletter_access":"","_jetpack_dont_email_post_to_subs":false,"_jetpack_newsletter_tier_id":0,"_jetpack_memberships_contains_paywalled_content":false,"_jetpack_memberships_contains_paid_content":false,"footnotes":""},"categories":[8],"tags":[],"class_list":["post-295","post","type-post","status-publish","format-standard","hentry","category-runudden","no-post-thumbnail"],"jetpack_featured_media_url":"","jetpack_sharing_enabled":true,"_links":{"self":[{"href":"https:\/\/skrivovin.se\/index.php\/wp-json\/wp\/v2\/posts\/295","targetHints":{"allow":["GET"]}}],"collection":[{"href":"https:\/\/skrivovin.se\/index.php\/wp-json\/wp\/v2\/posts"}],"about":[{"href":"https:\/\/skrivovin.se\/index.php\/wp-json\/wp\/v2\/types\/post"}],"author":[{"embeddable":true,"href":"https:\/\/skrivovin.se\/index.php\/wp-json\/wp\/v2\/users\/2"}],"replies":[{"embeddable":true,"href":"https:\/\/skrivovin.se\/index.php\/wp-json\/wp\/v2\/comments?post=295"}],"version-history":[{"count":4,"href":"https:\/\/skrivovin.se\/index.php\/wp-json\/wp\/v2\/posts\/295\/revisions"}],"predecessor-version":[{"id":300,"href":"https:\/\/skrivovin.se\/index.php\/wp-json\/wp\/v2\/posts\/295\/revisions\/300"}],"wp:attachment":[{"href":"https:\/\/skrivovin.se\/index.php\/wp-json\/wp\/v2\/media?parent=295"}],"wp:term":[{"taxonomy":"category","embeddable":true,"href":"https:\/\/skrivovin.se\/index.php\/wp-json\/wp\/v2\/categories?post=295"},{"taxonomy":"post_tag","embeddable":true,"href":"https:\/\/skrivovin.se\/index.php\/wp-json\/wp\/v2\/tags?post=295"}],"curies":[{"name":"wp","href":"https:\/\/api.w.org\/{rel}","templated":true}]}}