{"id":2684,"date":"2020-01-03T10:51:09","date_gmt":"2020-01-03T09:51:09","guid":{"rendered":"https:\/\/skrivovin.se\/?p=2684"},"modified":"2020-01-03T10:51:09","modified_gmt":"2020-01-03T09:51:09","slug":"onskar-nystart-med-helhetssyn","status":"publish","type":"post","link":"https:\/\/skrivovin.se\/index.php\/2020\/01\/03\/onskar-nystart-med-helhetssyn\/","title":{"rendered":"\u00d6nskar nystart &#8211; med helhetssyn"},"content":{"rendered":"\n<p>Det h\u00e4nder just nu s\u00e5 mycket i landet och i v\u00e4rlden s\u00e5 jag tror inte n\u00e5gon politiker, i n\u00e5got parti, i n\u00e5got land kan greppa allt och absolut inte hantera allt. \u00c4nd\u00e5 \u00e4r det s\u00e5 m\u00e5nga som uttrycker sig sj\u00e4lvs\u00e4kert. Det g\u00e4ller bara att agera p\u00e5 ett visst s\u00e4tt s\u00e5 l\u00f6ses alla problem. N\u00e4r d\u00e5 samma problem f\u00e5r olika l\u00f6sningar, med tveksamma argument och i en diskussion som ibland \u00e4r f\u00f6rdummande d\u00e5 skulle jag vilja h\u00f6ra n\u00e5gon s\u00e4ga: <br> &nbsp;&nbsp; &#8211; <em>Nu stannar vi upp lite, ser vad som h\u00e4nder, pratar ihop oss och tar ett <strong>helhetsgrepp<\/strong>. Vi har n\u00e5gra omr\u00e5den som vi m\u00e5ste samarbeta omkring, l\u00e4ra oss att f\u00f6rst\u00e5 olika mekanismer som styr folks beteenden. Ska vi f\u00e5 ett helt land d\u00e5 m\u00e5ste vi samarbeta b\u00e4ttre \u00e4n vad vi gjort hittills.<\/em><\/p>\n\n\n\n<p><strong>Vad \u00e4r det d\u00e5 f\u00f6r sv\u00e5righeter jag ser?<\/strong><\/p>\n\n\n\n<p><strong>1. Samband i ekonomin.<\/strong><br>Varf\u00f6r m\u00e5ste ekonomin st\u00e4ndigt v\u00e4xa och varf\u00f6r m\u00e5ste vi str\u00e4va efter en inflation p\u00e5 2 %. <br>Vilka fakta finns som g\u00f6r att detta har blivit ett bibelord f\u00f6r v\u00e5ra politiker. Jag har aldrig sett n\u00e5gra fakta som st\u00f6djer dessa m\u00e5l, d\u00e4remot \u00e4r det l\u00e4tt att hitta omr\u00e5den d\u00e4r det blivit s\u00e4mre. <br><strong>D\u00e5 t\u00e4nker jag p\u00e5 de stora ekonomiska klyftorna b\u00e5de mellan personer och mellan olika delar av landet.<\/strong>&nbsp; &nbsp; &nbsp;<\/p>\n\n\n\n<p>Som det ofta \u00e4r numera s\u00e5 \u00e4r det kvinnor som kommer med nyt\u00e4nkande och <strong>Jacinda Ardern<\/strong>, ny och ung premi\u00e4rminister p\u00e5 Nya Zeeland har t\u00e4nkt i nya banor. Hon har insett att det gamla BNP-m\u00e5ttet inte \u00e4r ett bra s\u00e4tt att m\u00e4ta ett lands v\u00e4lm\u00e5ende och tillv\u00e4xt och hon har inte bara pratat, utan \u00e4ven agerat. <\/p>\n\n\n\n<p>Hon har beslutat\ninf\u00f6ra en \u201dv\u00e4lm\u00e5ende-budget\u201d f\u00f6r att m\u00e4ta vilken effekt l\u00e5ngsiktiga politiska\nbeslut f\u00f6r p\u00e5 m\u00e4nniskors liv. Detta trots att Nya Zeeland har h\u00f6g tillv\u00e4xt och\nl\u00e5g arbetsl\u00f6shet. Men det finns ocks\u00e5 en stor andel heml\u00f6sa och m\u00e5nga beg\u00e5r\nsj\u00e4lvmord. Landet m\u00e5r inte bra, trots h\u00f6g tillv\u00e4xt. <\/p>\n\n\n\n<p>Hon menar att handelskrig\noch Brexit \u00e4r symptom p\u00e5 att m\u00e4nniskor k\u00e4nner frustration \u00f6ver att det\npolitiska och ekonomiska systemet gl\u00f6mt bort dem och att politiken m\u00e5ste hitta\nnya och l\u00e5ngsiktiga l\u00f6sningar. Landet har tagit fram ett m\u00e4tverktyg som\npolitikerna m\u00e5ste f\u00f6rh\u00e5lla sig till. Det \u00e4r socialt kapital, m\u00e4nskligt kapital,\nnaturligt kapital och finansiellt kapital. <br>\nBara genom att se till alla fyra kan man m\u00e4ta nationens v\u00e4lm\u00e5ende som helhet\nmenar beslutsfattarna.<br>\nRent konkret kommer statistik \u00f6ver barnfattigdom att presenteras i varje\nbudget. Dessutom m\u00e5ste varje minister som vill spendera pengar visa hur det ska\nfr\u00e4mja landet p\u00e5 en niv\u00e5 som sp\u00e4nner \u00f6ver flera generationer.<\/p>\n\n\n\n<div class=\"wp-block-image\"><figure class=\"aligncenter\"><img loading=\"lazy\" decoding=\"async\" width=\"448\" height=\"285\" src=\"https:\/\/skrivovin.se\/wp-content\/uploads\/2018\/04\/T-st\u00f6vlar.jpg\" alt=\"\" class=\"wp-image-461\" srcset=\"https:\/\/skrivovin.se\/wp-content\/uploads\/2018\/04\/T-st\u00f6vlar.jpg 448w, https:\/\/skrivovin.se\/wp-content\/uploads\/2018\/04\/T-st\u00f6vlar-300x191.jpg 300w\" sizes=\"auto, (max-width: 448px) 100vw, 448px\" \/><\/figure><\/div>\n\n\n\n<p><strong>BNP<\/strong><br>Jag har skrivit om det tidigare och blir mer och mer \u00f6vertygad om att dagens BNP-begrepp \u00e4r totalt f\u00f6rlegat. Lite f\u00f6renklat kan man s\u00e4ga att man ska m\u00e4ta antalet producerade teveapparater och tv\u00e4ttmaskiner och hoppas att det producerats flera \u00e4n \u00e5ret innan \u2013 d\u00e5 \u00e4r det bra\u2026..<\/p>\n\n\n\n<p>Nej, vi m\u00e5ste vi f\u00e5 in begrepp som inv\u00e5narnas <strong>v\u00e4lbefinnande, sjukskrivningsdagar medellivsl\u00e4ngd, milj\u00f6v\u00e4rden, utbildningsniv\u00e5<\/strong> och en annan syn p\u00e5 <strong>offentliga sektorns produktion<\/strong>.<br><a>T\u00e4nk om vi hade ledande politiker som resonerade som Jacinda Ardern.<\/a><br> <br><br> <strong>2. Landsbygd och glesbygd<\/strong><br> Hur kan man prata om gles- och landsbygdsproblem n\u00e4r:<br>&nbsp;&nbsp; &#8211; Hush\u00e5llen tvingas skulds\u00e4tta sig till en farlig niv\u00e5 f\u00f6r att hitta en bostad, vilket i sig kommer att orsaka n\u00e4sta finanskrasch. <strong>Ingen finanskrasch har hittills startat p\u00e5 landsbygden.<\/strong><br>&nbsp;&nbsp; &#8211; M\u00e5nga s\u00e4ger att kriminaliteten sliter s\u00f6nder landet. \u201dVi v\u00e5gar inte g\u00e5 ut.\u201d Det st\u00e4mmer nog p\u00e5 sina h\u00e5ll i storst\u00e4derna, men ingen kriminalitet sliter s\u00f6nder landsbygden.<br>&nbsp;&nbsp; &#8211; Den egna matproduktionen sker p\u00e5 landsbygden och f\u00f6r\u00e4dlas ibland i st\u00e4derna. Det som produceras idag r\u00e4cker inte m\u00e5nga dagar om Sverige blir blockerade. <br> \u201dHela landet ska leva\u201d, s\u00e4gs det ibland fr\u00e5n Rosenbad, samtidigt som man planerar f\u00f6r f\u00f6rt\u00e4tning av bostadsomr\u00e5den i st\u00e4derna, ist\u00e4llet f\u00f6r att flytta ut verksamheter utanf\u00f6r de stora st\u00e4derna.<\/p>\n\n\n\n<p><strong> Det korta minnet och den enkla l\u00f6sningen<br> <\/strong>Det finns m\u00e5nga ot\u00e4cka samband som jag \u00f6nskar b\u00e5de ledande politiker och \u00e4ven deras v\u00e4ljare skulle uppm\u00e4rksamma. En j\u00e4mf\u00f6relse mellan trettiotalets Tyskland och dagens Sverige.<br><br>Nazistpartier kom till makten i Tyskland bara n\u00e5gra \u00e5r efter finanskraschen p\u00e5 Wall Street, 1929 och sd kom in i Riksdagen tv\u00e5 \u00e5r efter kraschen p\u00e5 samma gata \u00e5r 2008.<br><br>B\u00e5da partierna v\u00e4xte oerh\u00f6rt fort och deras program var genialt enkelt. I Tyskland var det judar, kommunister och homosexuella som var roten till allt ont. I sd:s Sverige \u00e4r det framf\u00f6rallt den muslimska invandringen som orsakar alla problem.&nbsp; <\/p>\n\n\n\n<p><strong>T\u00e4nk om<br> <\/strong>T\u00e4nk om vi hade ledande politiker som resonerade som Jacina Ardern. Som v\u00e5gar t\u00e4nka utanf\u00f6r boxen, som v\u00e5gar utmana gamla m\u00e4tverktyg och inse att de inte passar i en tid n\u00e4r allt \u00e4r f\u00f6r\u00e4ndrat. Det passade i det gamla industrisamh\u00e4llet, men inte i ett globaliserat informations- och kunskapssamh\u00e4lle. <br> Det beh\u00f6vs ett nyt\u00e4nkande och n\u00e5gon som v\u00e5gar ta ett helhetsgrepp. Ledare som v\u00e5gar st\u00e5 upp framf\u00f6r kamerorna och med egen kunskap och \u00f6vertygelse ber\u00e4tta och f\u00f6rmedla en ny vision, d\u00e4r fr\u00e5gorna om de ekonomiska sambanden, kriminaliteten, utanf\u00f6rskapets baksidor, integrationens m\u00f6jligheter, men ocks\u00e5 risker n\u00e4r den g\u00e5r fel. <\/p>\n\n\n\n<p>Jag vill att\nn\u00e5gon ska stiga fram och likt Marthin Luther King utbrista <strong>i \u201dI have a dream\u201d<\/strong> och sedan f\u00f6rmedla vilka steg som m\u00e5ste tas f\u00f6r\natt f\u00f6rverkliga detta samh\u00e4lle. <\/p>\n\n\n\n<p>Jag vill<strong> inte<\/strong> se ledare som br\u00e5kar om enskilda statistikuppgifter och vem som vidtog \u00e5tg\u00e4rder s\u00e5 att PISA-resultaten f\u00f6rb\u00e4ttrades eller f\u00f6rs\u00e4mrades. Om detta till\u00e5ts forts\u00e4tter d\u00e5 har vi snart en statsminister som heter \u00c5kesson och han beh\u00f6ver inte ens vidta n\u00e5gon egen valr\u00f6relse, de andra partierna sk\u00f6ter det \u00e5t honom. <\/p>\n\n\n\n<p>Slutar med en l\u00e4rdom av en annan av de st\u00f6rsta ledarna <strong>Nelson Mandela. <\/strong>Torterad och f\u00e4ngslad gav han aldrig upp kampen om ett r\u00e4ttvist samh\u00e4lle. Han blev en f\u00f6rebild och han ingav f\u00f6rtroende och framtidstro. En av hans l\u00e4rdomar lyder:<strong><br> &nbsp;&nbsp; &#8211; Dr\u00f6mmar och visioner m\u00e5ste upplevas som n\u00e5got som ska bli b\u00e4ttre \u00e4n det nuvarande &#8211; om du vill v\u00e4xa som person.<\/strong><\/p>\n\n\n\n<figure class=\"wp-block-image\"><img loading=\"lazy\" decoding=\"async\" width=\"1024\" height=\"507\" src=\"https:\/\/skrivovin.se\/wp-content\/uploads\/2019\/12\/IMG_1602-1024x507.jpg\" alt=\"\" class=\"wp-image-2647\" srcset=\"https:\/\/skrivovin.se\/wp-content\/uploads\/2019\/12\/IMG_1602-1024x507.jpg 1024w, https:\/\/skrivovin.se\/wp-content\/uploads\/2019\/12\/IMG_1602-300x148.jpg 300w, https:\/\/skrivovin.se\/wp-content\/uploads\/2019\/12\/IMG_1602-768x380.jpg 768w\" sizes=\"auto, (max-width: 1024px) 100vw, 1024px\" \/><\/figure>\n","protected":false},"excerpt":{"rendered":"<p>Det h\u00e4nder just nu s\u00e5 mycket i landet och i v\u00e4rlden s\u00e5 jag tror inte n\u00e5gon politiker, i n\u00e5got parti, i n\u00e5got land kan greppa allt och absolut inte hantera allt. \u00c4nd\u00e5 \u00e4r det s\u00e5 m\u00e5nga som uttrycker sig sj\u00e4lvs\u00e4kert&#8230;.<\/p>\n","protected":false},"author":2,"featured_media":860,"comment_status":"open","ping_status":"open","sticky":false,"template":"","format":"standard","meta":{"jetpack_post_was_ever_published":false,"_jetpack_newsletter_access":"","_jetpack_dont_email_post_to_subs":false,"_jetpack_newsletter_tier_id":0,"_jetpack_memberships_contains_paywalled_content":false,"_jetpack_memberships_contains_paid_content":false,"footnotes":""},"categories":[8],"tags":[],"class_list":["post-2684","post","type-post","status-publish","format-standard","has-post-thumbnail","hentry","category-runudden"],"jetpack_featured_media_url":"https:\/\/skrivovin.se\/wp-content\/uploads\/2018\/10\/DSC_1035.jpg","jetpack_sharing_enabled":true,"_links":{"self":[{"href":"https:\/\/skrivovin.se\/index.php\/wp-json\/wp\/v2\/posts\/2684","targetHints":{"allow":["GET"]}}],"collection":[{"href":"https:\/\/skrivovin.se\/index.php\/wp-json\/wp\/v2\/posts"}],"about":[{"href":"https:\/\/skrivovin.se\/index.php\/wp-json\/wp\/v2\/types\/post"}],"author":[{"embeddable":true,"href":"https:\/\/skrivovin.se\/index.php\/wp-json\/wp\/v2\/users\/2"}],"replies":[{"embeddable":true,"href":"https:\/\/skrivovin.se\/index.php\/wp-json\/wp\/v2\/comments?post=2684"}],"version-history":[{"count":15,"href":"https:\/\/skrivovin.se\/index.php\/wp-json\/wp\/v2\/posts\/2684\/revisions"}],"predecessor-version":[{"id":2699,"href":"https:\/\/skrivovin.se\/index.php\/wp-json\/wp\/v2\/posts\/2684\/revisions\/2699"}],"wp:featuredmedia":[{"embeddable":true,"href":"https:\/\/skrivovin.se\/index.php\/wp-json\/wp\/v2\/media\/860"}],"wp:attachment":[{"href":"https:\/\/skrivovin.se\/index.php\/wp-json\/wp\/v2\/media?parent=2684"}],"wp:term":[{"taxonomy":"category","embeddable":true,"href":"https:\/\/skrivovin.se\/index.php\/wp-json\/wp\/v2\/categories?post=2684"},{"taxonomy":"post_tag","embeddable":true,"href":"https:\/\/skrivovin.se\/index.php\/wp-json\/wp\/v2\/tags?post=2684"}],"curies":[{"name":"wp","href":"https:\/\/api.w.org\/{rel}","templated":true}]}}