{"id":2621,"date":"2019-12-19T11:38:25","date_gmt":"2019-12-19T10:38:25","guid":{"rendered":"https:\/\/skrivovin.se\/?p=2621"},"modified":"2019-12-19T11:38:25","modified_gmt":"2019-12-19T10:38:25","slug":"mitt-2019-och-gott-nytt-2020","status":"publish","type":"post","link":"https:\/\/skrivovin.se\/index.php\/2019\/12\/19\/mitt-2019-och-gott-nytt-2020\/","title":{"rendered":"Mitt 2019 och Gott Nytt 2020"},"content":{"rendered":"\n<p>Jag forts\u00e4tter den tradition jag b\u00f6rjade f\u00f6r n\u00e5gra \u00e5r sedan, n\u00e4mligen att g\u00f6ra en liten sammanfattning om vad som skett under 2019. \u00c5ret har varit h\u00e4ndelserikt och jag kan \u00e4n en g\u00e5ng bara konstatera att jag lever ett privilegierat liv.\u00a0 <\/p>\n\n\n\n<p><strong>Till en b\u00f6rjan<\/strong><br>Bara en s\u00e5dan sak som att jag \u00e4ven i \u00e5r kan jag konstatera att i och med att jag stiger upp och k\u00e4nner mig frisk varje dag s\u00e5 tillh\u00f6r jag en lycklig del av befolkningen. L\u00e4gger jag dessutom till ytterligare n\u00e5gra h\u00e4ndelser s\u00e5 blir 2019 ett av de b\u00e4sta \u00e5ren.&nbsp; <\/p>\n\n\n\n<p><strong>Skrivandet<br><\/strong>\u00c4ven under 2019 har mycket av min tid \u00e4gnats \u00e5t skrivande eller saker som \u00e4r en f\u00f6ljd av skrivandet. I slutet av \u00e5ret kom min bok <strong><em>Bortr\u00e4knad <\/em><\/strong>ut och har f\u00e5tt ett fantastiskt mottagande. Trots att det \u00e4r min fj\u00e4rde romanen s\u00e5 \u00f6verraskas jag varje g\u00e5ng \u00f6ver hur mycket jobb det \u00e4r, m\u00e5naderna innan den kommer fr\u00e5n tryckeriet. <br>Men det som har gjort st\u00f6rsta intrycket p\u00e5 mig under tiden jag skrev, var n\u00e4r jag i ett blogginl\u00e4gg skrev om olika h\u00e4rskartekniker. Ni vet detta med att till exempel f\u00f6rl\u00f6jliga och osynligg\u00f6ra en person. <br>I slutet av inl\u00e4gget st\u00e4llde jag fr\u00e5gan om n\u00e5gon av l\u00e4sarna varit utsatta, eller k\u00e4nde till n\u00e5gon som varit det och om de ville ber\u00e4tta om sina h\u00e4ndelser. <br>Ett dygn senare var min maill\u00e5da full med ber\u00e4ttelser och jag fick de n\u00e4rmaste dagarna m\u00e5nga telefonsamtal fr\u00e5n personer som inte ville eller orkade skriva, men som \u00e4nd\u00e5 ville ber\u00e4tta. <br><strong>Jag visste att jag ber\u00f6rde ett stort samh\u00e4llsproblem, men f\u00f6rst d\u00e5 ins\u00e5g jag hur gigantiskt stort det \u00e4r.<\/strong> Jag har \u00e4ven senare f\u00e5tt kontakter inom olika grupper som aktivt arbetar med att f\u00f6rebygga mobbning.<\/p>\n\n\n\n<div class=\"wp-block-image\"><figure class=\"aligncenter is-resized\"><img loading=\"lazy\" decoding=\"async\" src=\"https:\/\/skrivovin.se\/wp-content\/uploads\/2019\/09\/Bortraknad_omslag-m-H-697x1024.jpg\" alt=\"\" class=\"wp-image-2384\" width=\"219\" height=\"323\" srcset=\"https:\/\/skrivovin.se\/wp-content\/uploads\/2019\/09\/Bortraknad_omslag-m-H-697x1024.jpg 697w, https:\/\/skrivovin.se\/wp-content\/uploads\/2019\/09\/Bortraknad_omslag-m-H-204x300.jpg 204w, https:\/\/skrivovin.se\/wp-content\/uploads\/2019\/09\/Bortraknad_omslag-m-H-768x1128.jpg 768w, https:\/\/skrivovin.se\/wp-content\/uploads\/2019\/09\/Bortraknad_omslag-m-H.jpg 1686w\" sizes=\"auto, (max-width: 219px) 100vw, 219px\" \/><figcaption>Kom ut i slutet av november<\/figcaption><\/figure><\/div>\n\n\n\n<p style=\"text-align:left\">Tidigare har jag haft gl\u00e4djen att se mina b\u00f6cker har uppf\u00f6rtas p\u00e5 scen och f\u00f6rhoppningsvis blir det s\u00e5 \u00e4ven med <strong><em>Bortr\u00e4knad. <\/em><\/strong>Wendlas dansstudio i \u00d6stersund har visat intresse att uppf\u00f6ra den som dansteater under studions jubileums\u00e5r, 2021. Jag bara hoppas. <br>K\u00e4nslan n\u00e4r <em><strong>Bortr\u00e4knad <\/strong><\/em>l\u00e4mnade &#8221;boet&#8221; och skulle st\u00e5 p\u00e5 egna ben beskriver jag <a href=\"https:\/\/skrivovin.se\/index.php\/2019\/11\/24\/pa-egna-ben\/\">h\u00e4r<\/a>. <br> <br>Att min f\u00f6rsta bok\u00a0<strong><em>Girighet eller Makt<\/em><\/strong>\u00a0fortfarande sprids och numera ocks\u00e5 l\u00e4ses av ekonomstuderande p\u00e5 Mittuniversitetet \u00e4r roligt. Den beskriver en tid i bankhistorien som numera \u00e4r just, historia. Eftersom jag \u00e4r s\u00e4ker p\u00e5 att m\u00e5nga av studenterna i framtiden kommer att finnas i en bankorganisation tycker jag det \u00e4r bra att de f\u00e5r se hur en bransch p\u00e5 kort tid har f\u00f6r\u00e4ndrats. Fr\u00e5n en tid med m\u00e5nga bankkontor och &#8221;kunden i centrum&#8221; till en tid d\u00e4r den tekniska utvecklingen g\u00e5tt s\u00e5 oerh\u00f6rt snabbt att kunden ibland inte k\u00e4nns vara det viktigaste f\u00f6r branschen.  <\/p>\n\n\n\n<div class=\"wp-block-image\"><figure class=\"aligncenter is-resized\"><img loading=\"lazy\" decoding=\"async\" src=\"https:\/\/skrivovin.se\/wp-content\/uploads\/2019\/03\/Girighet-eller-Makt.jpg\" alt=\"\" class=\"wp-image-1106\" width=\"217\" height=\"337\" srcset=\"https:\/\/skrivovin.se\/wp-content\/uploads\/2019\/03\/Girighet-eller-Makt.jpg 317w, https:\/\/skrivovin.se\/wp-content\/uploads\/2019\/03\/Girighet-eller-Makt-193x300.jpg 193w\" sizes=\"auto, (max-width: 217px) 100vw, 217px\" \/><figcaption>Fortfarande aktuell men lite mer som historia.<\/figcaption><\/figure><\/div>\n\n\n\n<p><strong>Resor<br><\/strong>Att resa \u00e4r berikande och utvecklande. Det inneb\u00e4r alltid nya och sp\u00e4nnande upplevelser. Under \u00e5ret har det blivit tv\u00e5 l\u00e4ngre resor och n\u00e5gra kortare. <br>H\u00e4r kommer n\u00e5gra intryck fr\u00e5n de l\u00e4ngre resorna:<\/p>\n\n\n\n<div class=\"wp-block-image\"><figure class=\"aligncenter is-resized\"><img loading=\"lazy\" decoding=\"async\" src=\"https:\/\/skrivovin.se\/wp-content\/uploads\/2019\/12\/20190305_195319-1024x498.jpg\" alt=\"\" class=\"wp-image-2631\" width=\"469\" height=\"228\" srcset=\"https:\/\/skrivovin.se\/wp-content\/uploads\/2019\/12\/20190305_195319-1024x498.jpg 1024w, https:\/\/skrivovin.se\/wp-content\/uploads\/2019\/12\/20190305_195319-300x146.jpg 300w, https:\/\/skrivovin.se\/wp-content\/uploads\/2019\/12\/20190305_195319-768x373.jpg 768w\" sizes=\"auto, (max-width: 469px) 100vw, 469px\" \/><\/figure><\/div>\n\n\n\n<p>I februari gjorde vi ett ovanligt avhopp fr\u00e5n vintern. Det tillh\u00f6r ovanligheterna att vi l\u00e4mnar landet under perioden med b\u00e4sta skidf\u00f6ret, men s\u00e5 gjorde vi i \u00e5r. Huvudsyftet var att umg\u00e5s med barn och barnbarn. Tv\u00e5 barn med familjer, tillsammans elva personer gjorde veckan livlig och mycket trevlig.<br><br>En resa av helt annat slag gjorde vi under h\u00f6sten. Tillsammans med goda v\u00e4nner steg vi ombord p\u00e5 en flodkryssare i Sankt Petersburg och \u00e5kte sj\u00f6- och flodv\u00e4gen till Moskva. En resa med m\u00e5nga intryck. Allt fr\u00e5n miljonst\u00e4dernas enormt pampiga byggnader, till de sm\u00e5 hantverks- och bondbyarna l\u00e4ngs floderna. <br>Ryssland \u00e4r sp\u00e4nnande. Delar av landet h\u00f6gutvecklat och modernt medan det p\u00e5 andra st\u00e4llen k\u00e4nns som tiden st\u00e5tt stilla sedan 1800-talet. <br><\/p>\n\n\n\n<figure class=\"wp-block-image\"><img loading=\"lazy\" decoding=\"async\" width=\"1024\" height=\"498\" src=\"https:\/\/skrivovin.se\/wp-content\/uploads\/2019\/12\/20190909_103833-1024x498.jpg\" alt=\"\" class=\"wp-image-2635\" srcset=\"https:\/\/skrivovin.se\/wp-content\/uploads\/2019\/12\/20190909_103833-1024x498.jpg 1024w, https:\/\/skrivovin.se\/wp-content\/uploads\/2019\/12\/20190909_103833-300x146.jpg 300w, https:\/\/skrivovin.se\/wp-content\/uploads\/2019\/12\/20190909_103833-768x373.jpg 768w\" sizes=\"auto, (max-width: 1024px) 100vw, 1024px\" \/><figcaption>Den fantastiska l\u00f6kkupolen p\u00e5 \u00f6n Kishi, som ligger mitt i Onega.<\/figcaption><\/figure>\n\n\n\n<p>Skulle vilja avsluta kapitlet om resande med den stora beh\u00e5llningen om varf\u00f6r det k\u00e4nns viktigt. <strong><em>Du<\/em><\/strong><em>&nbsp;<strong>tr\u00e4ffar nya m\u00e4nniskor, l\u00e4r dig nya traditioner och provar mat du inte ens visste existerade!<\/strong><\/em><br>Du hittar ett l\u00e4ngre reportage om Rysslandsresan <a href=\"https:\/\/skrivovin.se\/index.php\/2019\/10\/13\/att-kryssa-i-ryssland\/\">h\u00e4r. <\/a><\/p>\n\n\n\n<p><strong>Fj\u00e4llen<br><\/strong>Som jag ofta ber\u00e4ttar och skriver s\u00e5 \u00e4r fj\u00e4llen den viktigaste platsen. De ger b\u00e5de rekreation och inspiration och som de b\u00e4sta v\u00e4nner finns de alltid p\u00e5 plats. Ibland kan de vara kinkiga och griniga och bl\u00e5sa upp till v\u00e5ldsam storm, men oftast \u00e4r de soliga, varma och v\u00e4lkomnande. Jag gillar stillheten, vinterns vita vidder, renarna som elegant str\u00f6var omkring och de guldf\u00e4rgade myrarna p\u00e5 sensommaren.<br>Turerna p\u00e5 kalfj\u00e4llet har tyv\u00e4rr inte varit s\u00e5 m\u00e5nga i \u00e5r. Jobb med stugan och bokutgivning har tagit mycket tid fr\u00e5n vandrandet. Men n\u00e5gra avkopplande dagar har det blivit. <br><\/p>\n\n\n\n<div class=\"wp-block-image\"><figure class=\"aligncenter\"><img loading=\"lazy\" decoding=\"async\" width=\"4352\" height=\"2154\" src=\"https:\/\/i2.wp.com\/skrivovin.se\/wp-content\/uploads\/2019\/12\/IMG_1602.jpg?fit=640%2C317&amp;ssl=1\" alt=\"\" class=\"wp-image-2647\" srcset=\"https:\/\/skrivovin.se\/wp-content\/uploads\/2019\/12\/IMG_1602.jpg 4352w, https:\/\/skrivovin.se\/wp-content\/uploads\/2019\/12\/IMG_1602-300x148.jpg 300w, https:\/\/skrivovin.se\/wp-content\/uploads\/2019\/12\/IMG_1602-768x380.jpg 768w, https:\/\/skrivovin.se\/wp-content\/uploads\/2019\/12\/IMG_1602-1024x507.jpg 1024w\" sizes=\"auto, (max-width: 4352px) 100vw, 4352px\" \/><figcaption>F\u00f6r ovanlighetens skull s\u00e5 kommer inte fj\u00e4llbilden fr\u00e5n Oviksfj\u00e4llen denna g\u00e5ng, utan fr\u00e5n en kort vandring fr\u00e5n Flatruet i riktning mot Helags.<\/figcaption><\/figure><\/div>\n\n\n\n<p><strong>M\u00f6ten med m\u00e4nniskor<br><\/strong>Jag tycker att det \u00e4r sp\u00e4nnande med m\u00e4nniskor. Vad \u00e4r det som driver m\u00e4nniskor i olika situationer, \u00e4r en fr\u00e5ga som jag ofta st\u00e4ller mig. Funderingar som ocks\u00e5 kommit igen i mitt skrivande. Nu n\u00e4r jag slipper dras med en anst\u00e4llning men \u00e4nd\u00e5 jobbar med saker som intresserar mig s\u00e5 har n\u00e4tverket ut\u00f6kats. <br>Det \u00e4r ett privilegium att kunna uppleva dagarna p\u00e5 det s\u00e4ttet. Men jag har ocks\u00e5 insett att v\u00e4nskap och kontakter ska v\u00e5rdas och d\u00e4r \u00e4r sociala medier fantastiska. Jag har ocks\u00e5 sett att f\u00f6r vissa personer \u00e4r dessa medier en ren katastrof. M\u00e5nga hamnar i krig med sin omgivning s\u00e5 fort de skriver n\u00e5got, men jag utg\u00e5r ifr\u00e5n att de krigade \u00e4ven innan sociala medier fanns, men nu kan de kriga p\u00e5 flera fronter. <br>Men jag anstr\u00e4nger mig att h\u00e5lla god ton i diskussionerna och m\u00f6ts som regel av god ton tillbaka. <br><br>Under m\u00e5nga \u00e5r har jag frilansat f\u00f6r en tidning och gjort helgreportage. Artiklar om personer som har lite extra att ber\u00e4tta och jag blir imponerad varje g\u00e5ng \u00f6ver vilken rikedom av erfarenhet som finns.<br>Under 2018 har det blivit hela 24 reportage, om jag r\u00e4knar in n\u00e5gra artiklar fr\u00e5n orienteringst\u00e4vlingar. <br>Varje intervjutillf\u00e4lle \u00e4r en h\u00f6gtidsstund. Jag har anstr\u00e4ngt mig f\u00f6r att blanda reportage om unga och gamla, m\u00e4n och kvinnor och stadsbor och landsbygdsbor och det \u00e4r alltid lika l\u00e4rorikt.<br>Det har varit idrottsstj\u00e4rnor, eldsj\u00e4lar inom f\u00f6reningslivet, inom kulturomr\u00e5det, f\u00f6retagare och personer med ibland obehagliga erfarenheter som de delar med sig av.<\/p>\n\n\n\n<figure class=\"wp-block-image\"><img loading=\"lazy\" decoding=\"async\" width=\"1024\" height=\"685\" src=\"https:\/\/skrivovin.se\/wp-content\/uploads\/2019\/12\/DSC_0425-1024x685.jpg\" alt=\"\" class=\"wp-image-2607\" srcset=\"https:\/\/skrivovin.se\/wp-content\/uploads\/2019\/12\/DSC_0425-1024x685.jpg 1024w, https:\/\/skrivovin.se\/wp-content\/uploads\/2019\/12\/DSC_0425-300x201.jpg 300w, https:\/\/skrivovin.se\/wp-content\/uploads\/2019\/12\/DSC_0425-768x514.jpg 768w\" sizes=\"auto, (max-width: 1024px) 100vw, 1024px\" \/><figcaption>Lars Naumburg och Madelene Berndtsson<\/figcaption><\/figure>\n\n\n\n<p>Exemplifierar m\u00f6ten med personer som har en jobbig bakgrund med Madelene Berndtsson. Hon utsattes i sin barn- och ungdom f\u00f6r \u00f6vergrepp av en \u00e4ldre sl\u00e4kting. Nu reser hon omkring i landet, tillsammans med sin sambo Lars Naumburg och ber\u00e4ttar om sina upplevelser och hj\u00e4lper personer som finns i samma situation.<br>Du hittar hennes ber\u00e4ttelse <a href=\"https:\/\/skrivovin.se\/index.php\/2019\/12\/11\/kriser-forde-madelene-och-lars-samman-nu-hjalper-de-andra\/\">h\u00e4r. <\/a><strong><br>Tack ALLA f\u00f6r givande pratstunder<\/strong>.<\/p>\n\n\n\n<p><strong>Torpvandring<\/strong><br>En givande helg under f\u00f6rsommaren var n\u00e4r Krokv\u00e5gs Byf\u00f6rening arrangerade en torpvandring i min gamla hemby. Under tv\u00e5 dagar vandrade vi mellan olika torp och g\u00e5rdar och fick v\u00e4rdefull historisk information. <br>S\u00e5dana h\u00e4r helger ger m\u00e5nga tankar. Vi \u00e4r m\u00e5nga som reser mycket och bes\u00f6ker historiska platser och imponeras \u00f6ver historien och sk\u00f6nheten. Men hur m\u00e5nga \u201dgr\u00e4ver d\u00e4r man st\u00e5r\u201d, d.v.s. tar reda p\u00e5 sin egen historia <br>Jag \u00e4r glad att jag deltog och k\u00e4nner entusiasm f\u00f6r att sj\u00e4lv forts\u00e4tta att gr\u00e4va i min egen historia. <br>Du hittar ett inl\u00e4gg om torpvandringshelgen <a href=\"https:\/\/skrivovin.se\/index.php\/2019\/05\/21\/vandring-i-krokvag\/\">h\u00e4r<\/a>.<\/p>\n\n\n\n<div class=\"wp-block-image\"><figure class=\"aligncenter is-resized\"><img loading=\"lazy\" decoding=\"async\" src=\"https:\/\/skrivovin.se\/wp-content\/uploads\/2019\/05\/DSC_2272-685x1024.jpg\" alt=\"\" class=\"wp-image-1472\" width=\"191\" height=\"285\" srcset=\"https:\/\/skrivovin.se\/wp-content\/uploads\/2019\/05\/DSC_2272-685x1024.jpg 685w, https:\/\/skrivovin.se\/wp-content\/uploads\/2019\/05\/DSC_2272-201x300.jpg 201w, https:\/\/skrivovin.se\/wp-content\/uploads\/2019\/05\/DSC_2272-768x1147.jpg 768w\" sizes=\"auto, (max-width: 191px) 100vw, 191px\" \/><figcaption>Fr\u00e5n torpvandring i Krokv\u00e5g<\/figcaption><\/figure><\/div>\n\n\n\n<p><strong>Leden som glesnar<br><\/strong>Men mitt i allt positivt, kommer med j\u00e4mna mellanrum, besked om att v\u00e4nner, sl\u00e4ktingar och kollegor avlidit.<br>\u00c5r 2019 har inte varit n\u00e5got undantag och jag har upplevt m\u00e5nga tysta minuter f\u00f6r personer som p\u00e5 olika s\u00e4tt betytt mycket, men som nu inte finns kvar.<br>Alltid tunga stunder och p\u00e5minnelser om att ta tillvara p\u00e5 den tid man har.<\/p>\n\n\n\n<p><strong>Vad ser jag fram emot n\u00e4sta \u00e5r?<\/strong><br>Allt som har med framtiden att g\u00f6ra har nu ett extra f\u00f6rbeh\u00e5ll. Det \u00e4r \u201dom jag m\u00e5r lika bra som jag g\u00f6r nu.\u201d D\u00e5 har jag mycket att se fram emot, t.ex:<br><br>&#8211; Ytterligare tv\u00e5 eller tre resor. N\u00e5gra \u00e4r i planeringsstadiet och n\u00e5gra bara i tankarna \u00e4nnu, s\u00e5 jag blir inte mera tydlig \u00e4n s\u00e5. <br><br>&#8211; Att ta tag i den stora m\u00e4ngd uppgifter jag har om min sl\u00e4kt och f\u00f6rs\u00f6ka g\u00f6ra det mera \u00e5sk\u00e5dligt.<br><br>&#8211; Att forts\u00e4tta att intervjua och skriva om sp\u00e4nnande personer. Jag har omkring femton personer redan klara f\u00f6r intervju s\u00e5 det g\u00e4ller bara att f\u00f6rs\u00f6ka hitta en intervjutid som passar. <br><br>&#8211; N\u00e5gon ny roman \u00e4r inte planerad \u00e4n. Framtiden f\u00e5r utvisa om och n\u00e4r det blir n\u00e5got s\u00e5 stort projekt. D\u00e4remot kommer jag tillsammans med tre andra personer att g\u00f6ra en skrift om Gr\u00e4ft\u00e5vallens utveckling. N\u00e5got i stil med &#8221;Fr\u00e5n f\u00e4bod till turistort.&#8221;<br><br>&#8211; Jag har ocks\u00e5 lovat Ragunda hembygdsf\u00f6rening att bidra med en  eller tv\u00e5 reportage i deras \u00e5rskr\u00f6nika Ravund.  Faktiskt den b\u00e4sta lokala hembygdsskriften om du fr\u00e5gar mig.  <br><br>\u2013 Att f\u00e5 uppleva flera dagar ovan tr\u00e4dgr\u00e4nsen \u00e4n det blev 2019<\/p>\n\n\n\n<p>\u2013 Och det viktigaste.\nAtt f\u00e5 uppleva barnbarnens utveckling under det kommande \u00e5ret.<\/p>\n\n\n\n<figure class=\"wp-block-image\"><img loading=\"lazy\" decoding=\"async\" width=\"3623\" height=\"1431\" src=\"https:\/\/i0.wp.com\/skrivovin.se\/wp-content\/uploads\/2019\/12\/Alla-fem.jpg?fit=640%2C253&amp;ssl=1\" alt=\"\" class=\"wp-image-2672\" srcset=\"https:\/\/skrivovin.se\/wp-content\/uploads\/2019\/12\/Alla-fem.jpg 3623w, https:\/\/skrivovin.se\/wp-content\/uploads\/2019\/12\/Alla-fem-300x118.jpg 300w, https:\/\/skrivovin.se\/wp-content\/uploads\/2019\/12\/Alla-fem-768x303.jpg 768w, https:\/\/skrivovin.se\/wp-content\/uploads\/2019\/12\/Alla-fem-1024x404.jpg 1024w\" sizes=\"auto, (max-width: 3623px) 100vw, 3623px\" \/><figcaption>Energi finns&#8230;.<\/figcaption><\/figure>\n\n\n\n<p><strong>Till sist<br> <\/strong>Det h\u00e4r blev en liten kavalkad \u00f6ver n\u00e5gra viktiga h\u00e4ndelser, k\u00e4nslor och upplevelser under 2019.<br> Jag ser fram emot alla nya utmaningar under 2020 \u2013 och hoppas att \u00e4ven du g\u00f6r det.<br><strong>Givetvis \u00f6nskar jag alla er EN GOD JUL OCH ETT GOTT NYTT \u00c5R &nbsp;<\/strong><\/p>\n","protected":false},"excerpt":{"rendered":"<p>Jag forts\u00e4tter den tradition jag b\u00f6rjade f\u00f6r n\u00e5gra \u00e5r sedan, n\u00e4mligen att g\u00f6ra en liten sammanfattning om vad som skett under 2019. \u00c5ret har varit h\u00e4ndelserikt och jag kan \u00e4n en g\u00e5ng bara konstatera att jag lever ett privilegierat liv.\u00a0&#8230;<\/p>\n","protected":false},"author":2,"featured_media":848,"comment_status":"open","ping_status":"open","sticky":false,"template":"","format":"standard","meta":{"jetpack_post_was_ever_published":false,"_jetpack_newsletter_access":"","_jetpack_dont_email_post_to_subs":false,"_jetpack_newsletter_tier_id":0,"_jetpack_memberships_contains_paywalled_content":false,"_jetpack_memberships_contains_paid_content":false,"footnotes":""},"categories":[8],"tags":[],"class_list":["post-2621","post","type-post","status-publish","format-standard","has-post-thumbnail","hentry","category-runudden"],"jetpack_featured_media_url":"https:\/\/skrivovin.se\/wp-content\/uploads\/2018\/09\/T-vid-Gr\u00e4ft\u00e5n-o-Tv\u00e4r\u00e5n.jpg","jetpack_sharing_enabled":true,"_links":{"self":[{"href":"https:\/\/skrivovin.se\/index.php\/wp-json\/wp\/v2\/posts\/2621","targetHints":{"allow":["GET"]}}],"collection":[{"href":"https:\/\/skrivovin.se\/index.php\/wp-json\/wp\/v2\/posts"}],"about":[{"href":"https:\/\/skrivovin.se\/index.php\/wp-json\/wp\/v2\/types\/post"}],"author":[{"embeddable":true,"href":"https:\/\/skrivovin.se\/index.php\/wp-json\/wp\/v2\/users\/2"}],"replies":[{"embeddable":true,"href":"https:\/\/skrivovin.se\/index.php\/wp-json\/wp\/v2\/comments?post=2621"}],"version-history":[{"count":52,"href":"https:\/\/skrivovin.se\/index.php\/wp-json\/wp\/v2\/posts\/2621\/revisions"}],"predecessor-version":[{"id":2677,"href":"https:\/\/skrivovin.se\/index.php\/wp-json\/wp\/v2\/posts\/2621\/revisions\/2677"}],"wp:featuredmedia":[{"embeddable":true,"href":"https:\/\/skrivovin.se\/index.php\/wp-json\/wp\/v2\/media\/848"}],"wp:attachment":[{"href":"https:\/\/skrivovin.se\/index.php\/wp-json\/wp\/v2\/media?parent=2621"}],"wp:term":[{"taxonomy":"category","embeddable":true,"href":"https:\/\/skrivovin.se\/index.php\/wp-json\/wp\/v2\/categories?post=2621"},{"taxonomy":"post_tag","embeddable":true,"href":"https:\/\/skrivovin.se\/index.php\/wp-json\/wp\/v2\/tags?post=2621"}],"curies":[{"name":"wp","href":"https:\/\/api.w.org\/{rel}","templated":true}]}}