{"id":2601,"date":"2019-12-11T16:00:10","date_gmt":"2019-12-11T15:00:10","guid":{"rendered":"https:\/\/skrivovin.se\/?p=2601"},"modified":"2019-12-11T16:00:10","modified_gmt":"2019-12-11T15:00:10","slug":"kriser-forde-madelene-och-lars-samman-nu-hjalper-de-andra","status":"publish","type":"post","link":"https:\/\/skrivovin.se\/index.php\/2019\/12\/11\/kriser-forde-madelene-och-lars-samman-nu-hjalper-de-andra\/","title":{"rendered":"Kriser f\u00f6rde Madelene och Lars samman. Nu hj\u00e4lper de andra."},"content":{"rendered":"\n<p>I mitt skrivande, i olika former \u00e4r det inte ovanligt, att jag i ord och tankar hamnar hos m\u00e4nniskor som p\u00e5 olika s\u00e4tt har, eller har haft det sv\u00e5rt.<br><br>F\u00f6r n\u00e5gra m\u00e5nader sedan gjorde jag ett reportage om, Madelene Berndtsson och Lars Naumburg, som b\u00e5da upplevt stora kriser, men som p\u00e5 ett imponerande s\u00e4tt ridit ut stormarna och v\u00e4nt krafterna till att hj\u00e4lpa andra som har det jobbigt.<br><br> <strong>Madelene om hot, tystnad, besvikelse och feghet<\/strong> <br>F\u00f6r Madelene, som \u00e4r uppv\u00e4xt p\u00e5 Tj\u00f6rn, startade livet tufft. Redan i tio\u00e5rs\u00e5ldern f\u00f6r\u00e4ndrades tillvaron, som hittills varit trygg, n\u00e4r en tre \u00e5r \u00e4ldre sl\u00e4kting b\u00f6rjade f\u00f6rgripa sig p\u00e5 henne:<br>&nbsp;&nbsp; &#8211; Det p\u00e5gick i fyra \u00e5r och han hotade mig till tystnad. Det var fruktansv\u00e4rt jobbigt, s\u00e4ger hon. <br>Att inte v\u00e5ga prata med n\u00e5gon n\u00e4r livet krisar \u00e4r alltid tufft och \u00e4r man ett barn blir det \u00e4nnu jobbigare. En h\u00e4ndelse beskriver hon s\u00e5 h\u00e4r:<br>&nbsp;&nbsp; &#8211; Killen hade h\u00e4nderna under min tr\u00f6ja n\u00e4r hans mamma kom in i rummet. Hon s\u00e5g hur han flyttade h\u00e4nderna och att tr\u00f6jan \u00e5kte ner, men v\u00e4nde bara och gick. Det var ett av de mindre \u00f6vergreppen och jag var glad att han inte gjorde mig med barn. <br>Mammans <strong>svek och feghet<\/strong> i det \u00f6gonblicket och att hon aldrig pratade med sin son har satt djupa sp\u00e5r i Madelene.<br><br>\u00d6vergreppen mot Madelene f\u00f6rsvann inte n\u00e4r hennes sl\u00e4kting slutade med dem:<br>&nbsp;&nbsp; &#8211; Jag tror att en person som blivit s\u00e5 utsatt som jag, p\u00e5 n\u00e5got vis skickar ut signaler till omgivningen och jag utsattes f\u00f6r \u00f6vergrepp under ytterligare tolv \u00e5r av olika m\u00e4n. Det var v\u00e5ldt\u00e4kter och kr\u00e4nkningar och eftersom jag varit utsatt sedan jag var tio \u00e5r k\u00e4nde jag inte till n\u00e5got annat.<\/p>\n\n\n\n<p>\u00d6vergreppen gjorde Madelene s\u00e5 sm\u00e5ningom ut\u00e5tagerande och trotsig och m\u00e5nga kompisar v\u00e4nde henne ryggen. <strong>Men hon hade faktiskt ingen att prata med<\/strong>. <br> <br><strong>Skolan<\/strong><br>Besvikelserna p\u00e5 vuxenv\u00e4rlden \u00e4r m\u00e5nga och hon ber\u00e4ttar som exempel n\u00e4r hon skrivit ett brev till en l\u00e4rare och f\u00f6rklarat att hon k\u00e4nde sig utanf\u00f6r:<br>&nbsp;&nbsp; &#8211; N\u00e4r jag var tillsammans med familjen till USA passade l\u00e4raren p\u00e5 att ber\u00e4tta om brevet f\u00f6r klassen och att jag var kontakts\u00f6kande. Det orsakade att de flesta klasskamrater tog avst\u00e5nd fr\u00e5n mig och <strong>mobbningen och kr\u00e4nkningarna \u00f6kade<\/strong>.&nbsp; <\/p>\n\n\n\n<p>Bland det allra v\u00e4rsta var att hon flera g\u00e5nger blev uppmanad att g\u00e5 till en psykolog f\u00f6r att bli av med f\u00f6rest\u00e4llningarna om att hon kr\u00e4nkts. <br>F\u00f6ljden av besvikelserna medf\u00f6rde sj\u00e4lvfallet koncentrationssv\u00e5righeter. Hon hade sv\u00e5rt att beh\u00e5lla n\u00e5got arbete under l\u00e4ngre perioder. De mer l\u00e5ngsiktiga verkningarna beskriver hon s\u00e5 h\u00e4r:<br>&nbsp;&nbsp; &#8211; Tveksamt om jag kommer att kunna f\u00e5 en anst\u00e4llning och rent fysiskt \u00e4r det om\u00f6jligt f\u00f6r mig att f\u00e5 barn.<br>Men trots sv\u00e5righeterna gav hon aldrig upp utan drevs av positivism och inre styrka och har alltid kommit tillbaka. <\/p>\n\n\n\n<p><strong>Lars uppv\u00e4xt<\/strong> skiljer sig mycket fr\u00e5n Madelenes:<br> &nbsp;&nbsp;&#8211; Jag \u00e4r uppv\u00e4xt i Djursholm och var en \u00f6verklasspojke som var med i det vanliga racet med vattenkammade kompisar och smokingmiddagar p\u00e5 Ulla Winblads restaurang och bes\u00f6kte kompisarnas sommarstugor i Stavsn\u00e4s och Sandhamn <br>Men d\u00e4r slutade likheten med m\u00e5nga av hans kompisar och han s\u00e4ger: <br>&nbsp;&nbsp; &#8211; Jag ville inte bli advokat utan k\u00e4nde mera f\u00f6r hantverksyrken eller kanske bonde.<br>&nbsp;&nbsp; Det blev lantbruksskola f\u00f6r Lars med mycket snickerier, n\u00e5got som han fortfarande delvis sysslar med.<br>Lars kom senare att syssla mycket med musik och sk\u00e5despeleri och tr\u00e4ffade Kim Andersson, n\u00e4r de arbetade tillsammans p\u00e5 Pistolteatern: <br>&nbsp;&nbsp; &#8211; Vi blev ett par och levde tillsammans fram till hennes d\u00f6d \u00e5r 2014. <\/p>\n\n\n\n<p><strong>Kris<\/strong><br>N\u00e4r Kim dog inleddes Lars kris: <br>&nbsp;&nbsp; &#8211; Jag hamnade i en djup kris och hade sv\u00e5rt att greppa vardagen. N\u00e4r jag sedan tvingades s\u00e4lja v\u00e5rt hus blev tillvaron kaotisk och jag \u00e5kte under en tid till Grekland f\u00f6r att f\u00f6rs\u00f6ka samla mig och inse vad som hade h\u00e4nt.<br>N\u00e4r Lars senare fick en fr\u00e5ga fr\u00e5n Storsj\u00f6yran i \u00d6stersund om han kunde ordna en minnesutst\u00e4llning om Kim, nappade han direkt.<br>&nbsp;&nbsp; &#8211; Det var bra att ta tag i det projektet, men jag var fortfarande vilsen och visste inte vart jag skulle ta v\u00e4gen.<br>&nbsp;&nbsp; Samma sommar uppt\u00e4ckte han att den gamla hotellbyggnaden, Mohem, i&nbsp; Krokv\u00e5g var till salu och han fastnade f\u00f6r det stora huset med \u201dvildav\u00e4stern\u201d altan och k\u00f6pte det.&nbsp;<br><br>N\u00e4r Lars hade det som tyngst kom Madelene, av en tillf\u00e4llighet, in i hans liv:<br>&nbsp;&nbsp; &#8211; Madelene hade tr\u00e4ffat Kim en g\u00e5ng \u00e5r tidigare. Hon kontaktade mig efter Kims d\u00f6d och blev ett stort st\u00f6d. Utan henne vet jag inte vad som skulle ha h\u00e4nt. Jag var djupt nere. <\/p>\n\n\n\n<figure class=\"wp-block-image\"><img loading=\"lazy\" decoding=\"async\" width=\"1024\" height=\"685\" src=\"https:\/\/skrivovin.se\/wp-content\/uploads\/2019\/12\/DSC_0444-1024x685.jpg\" alt=\"\" class=\"wp-image-2600\" srcset=\"https:\/\/skrivovin.se\/wp-content\/uploads\/2019\/12\/DSC_0444-1024x685.jpg 1024w, https:\/\/skrivovin.se\/wp-content\/uploads\/2019\/12\/DSC_0444-300x201.jpg 300w, https:\/\/skrivovin.se\/wp-content\/uploads\/2019\/12\/DSC_0444-768x514.jpg 768w\" sizes=\"auto, (max-width: 1024px) 100vw, 1024px\" \/><\/figure>\n\n\n\n<p><\/p>\n\n\n\n<p><strong>Gemenskap och f\u00f6retag<\/strong><br>De blev r\u00e4tt snabbt ett par, som numera bor i Krokv\u00e5g, i den gamla hotellbyggnaden. Det \u00e4r utg\u00e5ngspunkten f\u00f6r den verksamhet som de nu bedriver i sitt f\u00f6retag <strong>\u201dShugger Produktion AB.\u201d<\/strong> <br>Verksamheten g\u00e5r i stort ut p\u00e5 att Madelene f\u00f6rel\u00e4ser om sin uppv\u00e4xt, om sexuella \u00f6vergrepp och om fysisk och psykisk oh\u00e4lsa\u201d under begreppet \u201dEnsam genom stormen.\u201d <br>Lars som, f\u00f6rutom alla uppdrag inom teater och musik ocks\u00e5 skaffat sig en examen som KBT-terapeut medverkar vid f\u00f6rel\u00e4sningarna. <br><br>Som KBT-terapeut har han \u00e4gnat mycket tid \u00e5t \u201dm\u00e4ns v\u00e5ld mot kvinnor\u201d och har ocks\u00e5 skrivit en bok i \u00e4mnet som heter \u201d\u00d6ver gr\u00e4nsen.\u201d En bok som p\u00e5 ett intressant s\u00e4tt beskriver begreppet manlighet och som tar upp \u00e4mnet mansforskning. <br>Kanske \u00e5terkommer jag med ett separat inl\u00e4gg om detta . <br><br>Lars och Madelene k\u00e4nner nu att de har en mission att fylla tillsammans. Madelene genom sina erfarenheter av olika \u00f6vergrepp och Lars genom sina kunskaper om v\u00e5ld i n\u00e4ra relation. <\/p>\n\n\n\n<p><strong>Reflektion<\/strong><br>Efter att ha lyssnat p\u00e5 deras ber\u00e4ttelse k\u00e4nde jag stor \u00f6dmjukhet. Det som Madelene tvingats uppleva ska ingen person beh\u00f6va g\u00f6ra. Kr\u00e4nkt sedan barndomen, inte v\u00e5gat prata med n\u00e5gon och av vuxenv\u00e4rlden blivit uppmanad att g\u00e5 till en psykolog f\u00f6r att bli av f\u00f6rest\u00e4llningarna om att hon \u00e4r \u201dutanf\u00f6r.\u201d<br>Lars kris \u00e4r givetvis mera naturlig, men inte desto mindre allvarlig. <br>Att nu h\u00f6ra deras gemensamma tankar om att hj\u00e4lpa andra k\u00e4ndes stort. Lars genom sina studier till KBT-terapeut och Madelene genom sina brutalt upplevda egna erfarenheter.&nbsp;&nbsp; <\/p>\n\n\n\n<figure class=\"wp-block-image\"><img loading=\"lazy\" decoding=\"async\" width=\"3872\" height=\"2592\" src=\"https:\/\/i0.wp.com\/skrivovin.se\/wp-content\/uploads\/2019\/12\/DSC_0425.jpg?fit=640%2C428&amp;ssl=1\" alt=\"\" class=\"wp-image-2607\" srcset=\"https:\/\/skrivovin.se\/wp-content\/uploads\/2019\/12\/DSC_0425.jpg 3872w, https:\/\/skrivovin.se\/wp-content\/uploads\/2019\/12\/DSC_0425-300x201.jpg 300w, https:\/\/skrivovin.se\/wp-content\/uploads\/2019\/12\/DSC_0425-768x514.jpg 768w, https:\/\/skrivovin.se\/wp-content\/uploads\/2019\/12\/DSC_0425-1024x685.jpg 1024w\" sizes=\"auto, (max-width: 3872px) 100vw, 3872px\" \/><figcaption>Lars och Madelene med hunden Shugger &#8211; som gett namn till deras f\u00f6retag<\/figcaption><\/figure>\n","protected":false},"excerpt":{"rendered":"<p>I mitt skrivande, i olika former \u00e4r det inte ovanligt, att jag i ord och tankar hamnar hos m\u00e4nniskor som p\u00e5 olika s\u00e4tt har, eller har haft det sv\u00e5rt. F\u00f6r n\u00e5gra m\u00e5nader sedan gjorde jag ett reportage om, Madelene Berndtsson&#8230;<\/p>\n","protected":false},"author":2,"featured_media":2607,"comment_status":"open","ping_status":"open","sticky":false,"template":"","format":"standard","meta":{"jetpack_post_was_ever_published":false,"_jetpack_newsletter_access":"","_jetpack_dont_email_post_to_subs":false,"_jetpack_newsletter_tier_id":0,"_jetpack_memberships_contains_paywalled_content":false,"_jetpack_memberships_contains_paid_content":false,"footnotes":""},"categories":[8],"tags":[],"class_list":["post-2601","post","type-post","status-publish","format-standard","has-post-thumbnail","hentry","category-runudden"],"jetpack_featured_media_url":"https:\/\/skrivovin.se\/wp-content\/uploads\/2019\/12\/DSC_0425.jpg","jetpack_sharing_enabled":true,"_links":{"self":[{"href":"https:\/\/skrivovin.se\/index.php\/wp-json\/wp\/v2\/posts\/2601","targetHints":{"allow":["GET"]}}],"collection":[{"href":"https:\/\/skrivovin.se\/index.php\/wp-json\/wp\/v2\/posts"}],"about":[{"href":"https:\/\/skrivovin.se\/index.php\/wp-json\/wp\/v2\/types\/post"}],"author":[{"embeddable":true,"href":"https:\/\/skrivovin.se\/index.php\/wp-json\/wp\/v2\/users\/2"}],"replies":[{"embeddable":true,"href":"https:\/\/skrivovin.se\/index.php\/wp-json\/wp\/v2\/comments?post=2601"}],"version-history":[{"count":8,"href":"https:\/\/skrivovin.se\/index.php\/wp-json\/wp\/v2\/posts\/2601\/revisions"}],"predecessor-version":[{"id":2611,"href":"https:\/\/skrivovin.se\/index.php\/wp-json\/wp\/v2\/posts\/2601\/revisions\/2611"}],"wp:featuredmedia":[{"embeddable":true,"href":"https:\/\/skrivovin.se\/index.php\/wp-json\/wp\/v2\/media\/2607"}],"wp:attachment":[{"href":"https:\/\/skrivovin.se\/index.php\/wp-json\/wp\/v2\/media?parent=2601"}],"wp:term":[{"taxonomy":"category","embeddable":true,"href":"https:\/\/skrivovin.se\/index.php\/wp-json\/wp\/v2\/categories?post=2601"},{"taxonomy":"post_tag","embeddable":true,"href":"https:\/\/skrivovin.se\/index.php\/wp-json\/wp\/v2\/tags?post=2601"}],"curies":[{"name":"wp","href":"https:\/\/api.w.org\/{rel}","templated":true}]}}