{"id":2551,"date":"2019-11-24T14:09:27","date_gmt":"2019-11-24T13:09:27","guid":{"rendered":"https:\/\/skrivovin.se\/?p=2551"},"modified":"2019-11-24T14:09:27","modified_gmt":"2019-11-24T13:09:27","slug":"pa-egna-ben","status":"publish","type":"post","link":"https:\/\/skrivovin.se\/index.php\/2019\/11\/24\/pa-egna-ben\/","title":{"rendered":"P\u00e5 egna ben"},"content":{"rendered":"\n<p>S\u00e5 har\nden fj\u00e4rde romanen \u201dl\u00e4mnat boet\u201d och ska ut och st\u00e5 p\u00e5 egna ben. Det \u00e4r en\nspeciell k\u00e4nsla n\u00e4r n\u00e5got man jobbat s\u00e5 l\u00e4nge helt pl\u00f6tsligt ska l\u00e4sas,\nkommenteras och bed\u00f6mas av andra. En sorts skr\u00e4ckfylld f\u00f6rtjusning. <\/p>\n\n\n\n<p>Det \u00e4r allts\u00e5 boken <strong>Bortr\u00e4knad<\/strong> som jag t\u00e4nker p\u00e5. Sl\u00e4pptes i helgen i samband med regionala bokm\u00e4ssan Bodil. Jag har visserligen skrivit p\u00e5 sociala medier om boken och blivit intervjuad b\u00e5de i radio och tidningar, men det var f\u00f6rsta g\u00e5ngen som jag sj\u00e4lv m\u00f6tte l\u00e4sarna och det \u00e4r som alltid mycket roligt. <\/p>\n\n\n\n<p>S\u00e5 h\u00e4r dagen efter m\u00e4ssan kommer en del funderingar om vilka v\u00e4gar som livet tar och hur tillf\u00e4lligheter m\u00e5nga g\u00e5nger spelar in i vardagen, samt m\u00f6ten med personer som p\u00e5 olika s\u00e4tt betytt mycket. <\/p>\n\n\n\n<p><strong>B\u00f6ckerna och hur de kopplar samman<\/strong><br>N\u00e4r jag slutade mitt jobb p\u00e5 banken k\u00e4nde jag att jag p\u00e5 n\u00e5got s\u00e4tt vill skriva om \u201dlivet i banken.\u201d Det hade betytt mycket f\u00f6r mig och jag hade f\u00e5tt v\u00e4nner f\u00f6r livet, en fantastisk yrkesutbildning och m\u00e5nga minnen.<\/p>\n\n\n\n<p>Det var m\u00e5nga tankem\u00f6dor innan jag besl\u00f6t i vilken form det skrivandet skulle f\u00e5. Jag m\u00e5ste ta h\u00e4nsyn till bland annat sekretesslagstiftningen och l\u00e4t bland annat en jurist l\u00e4sa manuset. F\u00f6r s\u00e4kerhetsskull fick massmedias rapportering om alla banker bli grunden och jag gjorde en djupdykning i tidningsv\u00e4rlden i omkring fyrtio \u00e5r. Den informationen skulle l\u00e4tt ha r\u00e4ckt till tre romaner, men jag besl\u00f6t att det fick vara nog efter den andra boken som fick namnet <strong>Guldfeber.<\/strong><br>I Guldfeber finns en hel del kriminalitet inblandad. Jag ville p\u00e5 n\u00e5got s\u00e4tt f\u00f6rs\u00f6ka j\u00e4mf\u00f6ra det maktspel och den girighet som finns i en stor f\u00f6retagsorganisation och i en kriminell gruppering. <br><br>Det skulle vara roligt att h\u00f6ra om n\u00e5gon som l\u00e4ser det h\u00e4r, har synpunkter p\u00e5 just den fr\u00e5gan? <strong>Jag vet vad jag sj\u00e4lv kommit fram till, men det vore trevligt om du som har synpunkter ocks\u00e5 ber\u00e4ttar. <\/strong><\/p>\n\n\n\n<p>Men all kriminalitet jag kommit  i kontakt med rymdes inte i Guldfeber. <br><br>Det som inte rymdes, eller som r\u00e4ttare sagt, inte k\u00e4ndes relevant bland alla stora bedr\u00e4gerier och spr\u00e4ngningar som jag ber\u00e4ttade om, var de kr\u00e4nkningar som jag h\u00f6rde bankens kvinnliga anst\u00e4llda r\u00e5kade ut f\u00f6r. Det k\u00e4ndes viktigt s\u00e5 det fick bli inspirationen till n\u00e4sta roman, <strong>N\u00e5gon m\u00e5ste f\u00e5 veta<\/strong>.<\/p>\n\n\n\n<p>Jag ville lyfta \u00e4mnet om v\u00e5ld mot kvinnor och eftersom jag k\u00e4nde till n\u00e5gra \u00e4ldre damer som varit utsatta, s\u00e5 fick de bilda karakt\u00e4ren Stina, som ber\u00e4ttar f\u00f6r en person. Hon vill att \u201dN\u00e5gon m\u00e5ste f\u00e5 veta\u201d innan hon dog. Att boken kom fr\u00e5n tryckeriet samma vecka som #MeToo kampanjen p\u00e5 allvar rullade ig\u00e5ng i sociala medier, gjorde att den fick stor uppm\u00e4rksamhet. <\/p>\n\n\n\n<p>Medan jag skrev \u201dN\u00e5gon m\u00e5ste f\u00e5 veta\u201d kom tankarna p\u00e5 ytterligare en roman och det \u00e4r den just sl\u00e4ppta, som heter <strong>Bortr\u00e4knad<\/strong>. Kr\u00e4nkningarna som jag beskriver i \u201dN\u00e5gon m\u00e5ste f\u00e5 veta\u201d \u00e4r ju inte de enda kr\u00e4nkningar som vi m\u00e4nniskor \u00e4gnar oss \u00e5t. Vi \u00e4r nog v\u00e4rldsm\u00e4stare p\u00e5 att g\u00f6ra livet sv\u00e5rt f\u00f6r v\u00e5ra medm\u00e4nniskor. F\u00f6rutom tankarna jag f\u00e5tt genom skrivandet, l\u00e4ste jag m\u00e5nga ber\u00e4ttelser fr\u00e5n personer som varit drabbade. <\/p>\n\n\n\n<p>N\u00e4r jag sedan i ett blogginl\u00e4gg beskrev olika h\u00e4rskartekniker st\u00e4llde jag fr\u00e5gan om n\u00e5gon som l\u00e4ste inl\u00e4gget hade varit utsatt och ville ber\u00e4tta. Responsen blev enorm och jag fick p\u00e5 n\u00e5gon dag n\u00e4rmare etthundra ber\u00e4ttelser och samtal fr\u00e5n personer som varit mobbade i skolan eller i arbetslivet. Jag ins\u00e5g pl\u00f6tsligt att jag r\u00f6rde vid ett gigantiskt stort samh\u00e4llsproblem. <br>N\u00e5gra av de h\u00e4ndelser som jag fick \u00e4r inbakade i Bortr\u00e4knad, medan n\u00e5gra var s\u00e5 brutala att jag inte m\u00e4ktade med att beskriva dem. <\/p>\n\n\n\n<div class=\"wp-block-image\"><figure class=\"aligncenter is-resized\"><img loading=\"lazy\" decoding=\"async\" src=\"https:\/\/skrivovin.se\/wp-content\/uploads\/2019\/09\/Bortraknad_omslag-m-H-697x1024.jpg\" alt=\"\" class=\"wp-image-2384\" width=\"198\" height=\"292\" srcset=\"https:\/\/skrivovin.se\/wp-content\/uploads\/2019\/09\/Bortraknad_omslag-m-H-697x1024.jpg 697w, https:\/\/skrivovin.se\/wp-content\/uploads\/2019\/09\/Bortraknad_omslag-m-H-204x300.jpg 204w, https:\/\/skrivovin.se\/wp-content\/uploads\/2019\/09\/Bortraknad_omslag-m-H-768x1128.jpg 768w, https:\/\/skrivovin.se\/wp-content\/uploads\/2019\/09\/Bortraknad_omslag-m-H.jpg 1686w\" sizes=\"auto, (max-width: 198px) 100vw, 198px\" \/><figcaption>Nu ute p\u00e5 egna ben<\/figcaption><\/figure><\/div>\n\n\n\n<div class=\"wp-block-image\"><figure class=\"aligncenter is-resized\"><img loading=\"lazy\" decoding=\"async\" src=\"https:\/\/skrivovin.se\/wp-content\/uploads\/2018\/01\/Omslag_Nagon_Maste_Fa_Veta.jpg\" alt=\"\" class=\"wp-image-26\" width=\"200\" height=\"307\" srcset=\"https:\/\/skrivovin.se\/wp-content\/uploads\/2018\/01\/Omslag_Nagon_Maste_Fa_Veta.jpg 292w, https:\/\/skrivovin.se\/wp-content\/uploads\/2018\/01\/Omslag_Nagon_Maste_Fa_Veta-196x300.jpg 196w\" sizes=\"auto, (max-width: 200px) 100vw, 200px\" \/><figcaption>Kopplingen mellan Guldfeber och Bortr\u00e4knad<\/figcaption><\/figure><\/div>\n\n\n\n<div class=\"wp-block-image\"><figure class=\"aligncenter is-resized\"><img loading=\"lazy\" decoding=\"async\" src=\"https:\/\/skrivovin.se\/wp-content\/uploads\/2018\/01\/Omslag_Guldfeber.jpg\" alt=\"\" class=\"wp-image-25\" width=\"216\" height=\"354\" srcset=\"https:\/\/skrivovin.se\/wp-content\/uploads\/2018\/01\/Omslag_Guldfeber.jpg 223w, https:\/\/skrivovin.se\/wp-content\/uploads\/2018\/01\/Omslag_Guldfeber-183x300.jpg 183w\" sizes=\"auto, (max-width: 216px) 100vw, 216px\" \/><figcaption>\u00c4r drivkrafterna i maktspelet detsamma i en kriminell organisation som i ett f\u00f6retag?<\/figcaption><\/figure><\/div>\n\n\n\n<div class=\"wp-block-image\"><figure class=\"aligncenter is-resized\"><img loading=\"lazy\" decoding=\"async\" src=\"https:\/\/skrivovin.se\/wp-content\/uploads\/2019\/03\/Girighet-eller-Makt.jpg\" alt=\"\" class=\"wp-image-1106\" width=\"215\" height=\"334\" srcset=\"https:\/\/skrivovin.se\/wp-content\/uploads\/2019\/03\/Girighet-eller-Makt.jpg 317w, https:\/\/skrivovin.se\/wp-content\/uploads\/2019\/03\/Girighet-eller-Makt-193x300.jpg 193w\" sizes=\"auto, (max-width: 215px) 100vw, 215px\" \/><figcaption>Starten p\u00e5 resan<\/figcaption><\/figure><\/div>\n\n\n\n<p><strong>Nya omr\u00e5den <\/strong><br>Har det d\u00e5 poppat upp tankar p\u00e5 nya omr\u00e5den att beskriva, medan jag skrev Bortr\u00e4knad? <br>Inte \u00e4nnu \u2013 kanske \u00e4r lagret p\u00e5 m\u00e4nniskans m\u00f6rka sidor utt\u00f6mt, \u00e4ven om jag inte tror det. <br>N\u00e4sta skrivprojekt, f\u00f6rutom mitt frilansande i LT, \u00e4r att tillsammans med tre andre personer g\u00f6ra en skrift \u00f6ver Gr\u00e4ft\u00e5vallens utveckling. Ungef\u00e4r \u201dfr\u00e5n f\u00e4bodvall till turistort.\u201d Det ska bli trevligt med ett skrivande tillsammans med andra och inte enbart vara solo i den egna skrivarh\u00f6rnan. <\/p>\n\n\n\n<p>Sedan\nkanske det \u00e4r dags att mata duvorna i Badhusparken\u2026.<\/p>\n\n\n\n<p><strong>Reaktioner<\/strong><br>Genom \u00e5ren har det kommit massvis med reaktioner och jag ska inte beskriva alla, men tv\u00e5 starka minnen har jag tillsammans med de tv\u00e5 senaste b\u00f6ckerna. <br>Vid bokm\u00e4ssan f\u00f6r tv\u00e5 \u00e5r sedan, n\u00e4r N\u00e5gon m\u00e5ste f\u00e5 veta, var ny, tr\u00e4ngdes sig en dam fram till mig vid bordet. Hon l\u00e4ste baksidan och sa sedan med t\u00e5rarna rinnande, \u201ddet kunde ha varit jag.\u201d <br>Vid g\u00e5rdagens bokm\u00e4ssa var det en liknande h\u00e4ndelse. En dam, som hade h\u00f6rt mig p\u00e5 radion kom fram och fr\u00e5gade. \u201dTror du jag kan l\u00e4sa den h\u00e4r, jag upplever precis det du skriver och \u00e4r sjukskriven.\u201d Jag svarade s\u00e5 sanningsenligt jag kunde att jag trodde att hon skulle ber\u00f6ras, men om det skulle vara negativt eller inte, visste jag inte. <br>Vi pratade l\u00e4nge och hon l\u00e4ste baksidan flera g\u00e5nger och sa sedan. \u201dJag ska l\u00e4sa den, men det m\u00e5ste f\u00e5 g\u00e5 lite l\u00e4ngre tid.\u201d<br>Till saken h\u00f6rde ocks\u00e5, att trots att hon blivit sjukskriven s\u00e5 hade F\u00f6rs\u00e4kringskassan beslutat att hon inte fick n\u00e5gon sjukpenning. Efter kr\u00e4nkningar p\u00e5 jobbet s\u00e5 sl\u00e5r allts\u00e5 samh\u00e4llet, via F\u00f6rs\u00e4kringskassan, till med full kraft. Sparka p\u00e5 den som ligger k\u00e4nns vara mottot. <\/p>\n\n\n\n<p><strong>Hj\u00e4lp<\/strong><br>Att samh\u00e4llet \u00e4r fyllt med kreativa och hj\u00e4lpsamma m\u00e4nniskor har jag ocks\u00e5 sett genom \u00e5ren. Sv\u00e5rt att r\u00e4kna upp alla, som p\u00e5 olika s\u00e4tt varit behj\u00e4lplig i skrivarresan, men jag vill n\u00e4mna n\u00e5gra i samband med den senaste, Bortr\u00e4knad.<\/p>\n\n\n\n<p>1.<strong>Ni som svarade p\u00e5 mitt blogginl\u00e4gg<\/strong>, f\u00f6r drygt ett \u00e5r sedan. Det var personer fr\u00e5n hela landet och jag n\u00e4mner ingen vid namn. Jag vet att ni som jag citerat, inte vill ha det s\u00e5.<br><br>2. <strong>Catarina Lundstr\u00f6m<\/strong>, litteratur- och bibliotekssamordnare vid regionen. De \u00e5r som hon haft uppdraget, har m\u00e5nga skrivande personer f\u00e5tt det l\u00e4ttare. Ett n\u00e4tverk d\u00e4r vi kan byta \u00e5sikter och f\u00e5 information och inte minst arrangerade av bokm\u00e4ssan och Bokens dag. Det har blivit ett lyft f\u00f6r det litter\u00e4ra J\u00e4mtlands l\u00e4n. <\/p>\n\n\n\n<p>3. <strong>Linda Hedenljung<\/strong>, gr\u00e4vande journalist vid \u00d6P, som jag fick st\u00f6ra under n\u00e5gra timmar och f\u00e5 information om livet p\u00e5 en tidningsredaktion. Jag har sedan d\u00e5 och d\u00e5 st\u00e4llt fr\u00e5gor och snabbt f\u00e5tt utt\u00f6mmande svar. Hon hann ocks\u00e5 ber\u00e4tta om en del av allt hat som n\u00e5tt henne i hennes arbete som journalist. <br>N\u00e4r jag nyss s\u00e5g att hon f\u00e5tt Pelle Wendels journalistpris och kommer att skriva en bok, som kommer ut under n\u00e4sta \u00e5r, blev jag uppriktigt mycket glad. Ett pris och en bel\u00f6ning har nog aldrig kommit s\u00e5 r\u00e4tt. <\/p>\n\n\n\n<p>4. <strong>Wendla Karlsson med Wendlas dansstudio<\/strong>, som efter tre sekunders bet\u00e4nketid sa, \u201dJag vill s\u00e4tta upp Bortr\u00e4knad\u201d som dansteater.\u201d Eftersom hon satt upp tre tidigare ber\u00e4ttelser som jag skrivit, vet jag att n\u00e5got fantastiskt kommer, v\u00e5ren 2021.<br><br>5. <strong>Anita Wallstedt, Organisationen mot Mobbning &#8211; OMM<\/strong>, som sj\u00e4lv utsattes f\u00f6r mobbning f\u00f6r r\u00e4tt l\u00e4nge sedan och som d\u00e4refter vigt sitt liv att st\u00f6dja personer som drabbats. Hon hj\u00e4lper personer vid r\u00e4tteg\u00e5ngar och uppvaktar hela tiden politiker f\u00f6r att f\u00f6rb\u00e4ttra lagstiftningen. Vi har haft kontakt p\u00e5 olika s\u00e4tt, snart hoppas jag ocks\u00e5 IRL.<\/p>\n\n\n\n<p>6. <strong>Systrarna Viktoria och Cecilia Pierre<\/strong>, som l\u00e4t mig anv\u00e4nda en bild av ett konstverk som deras avlidna mamma Gudrun. skapat. Gudrun var min teckningsl\u00e4rare i realskolan. Konstverket har funnits i min hall under minst trettio \u00e5r och efter flera m\u00e5naders funderande p\u00e5 omslaget, s\u00e5 fanns det d\u00e4r, mitt framf\u00f6r mig. &nbsp;&nbsp;&nbsp;&nbsp;<\/p>\n\n\n\n<p><strong>Till sist<\/strong><br>Det var m\u00e5nga tankar dagen efter att Bortr\u00e4knad l\u00e4mnar boet och en liten bakgrund till varf\u00f6r jag ofta hamnar i m\u00e4nniskans m\u00f6rka sidor, n\u00e4r jag skriver.<br>Nu hoppas jag att den p\u00e5 n\u00e5got s\u00e4tt kommer att ber\u00f6ra och kanske gl\u00e4dja de l\u00e4sare som \u00f6ppnar p\u00e4rmarna och tar sig an historien. <\/p>\n\n\n\n<div class=\"wp-block-image\"><figure class=\"aligncenter\"><img loading=\"lazy\" decoding=\"async\" width=\"336\" height=\"336\" src=\"https:\/\/skrivovin.se\/wp-content\/uploads\/2018\/02\/Guldfeber.jpg\" alt=\"\" class=\"wp-image-274\" srcset=\"https:\/\/skrivovin.se\/wp-content\/uploads\/2018\/02\/Guldfeber.jpg 336w, https:\/\/skrivovin.se\/wp-content\/uploads\/2018\/02\/Guldfeber-150x150.jpg 150w, https:\/\/skrivovin.se\/wp-content\/uploads\/2018\/02\/Guldfeber-300x300.jpg 300w\" sizes=\"auto, (max-width: 336px) 100vw, 336px\" \/><figcaption>S\u00e5 h\u00e4r elegant kan Guldfeber gestaltas p\u00e5 scen. <\/figcaption><\/figure><\/div>\n","protected":false},"excerpt":{"rendered":"<p>S\u00e5 har den fj\u00e4rde romanen \u201dl\u00e4mnat boet\u201d och ska ut och st\u00e5 p\u00e5 egna ben. Det \u00e4r en speciell k\u00e4nsla n\u00e4r n\u00e5got man jobbat s\u00e5 l\u00e4nge helt pl\u00f6tsligt ska l\u00e4sas, kommenteras och bed\u00f6mas av andra. En sorts skr\u00e4ckfylld f\u00f6rtjusning. Det&#8230;<\/p>\n","protected":false},"author":2,"featured_media":848,"comment_status":"open","ping_status":"open","sticky":false,"template":"","format":"standard","meta":{"jetpack_post_was_ever_published":false,"_jetpack_newsletter_access":"","_jetpack_dont_email_post_to_subs":false,"_jetpack_newsletter_tier_id":0,"_jetpack_memberships_contains_paywalled_content":false,"_jetpack_memberships_contains_paid_content":false,"footnotes":""},"categories":[8],"tags":[],"class_list":["post-2551","post","type-post","status-publish","format-standard","has-post-thumbnail","hentry","category-runudden"],"jetpack_featured_media_url":"https:\/\/skrivovin.se\/wp-content\/uploads\/2018\/09\/T-vid-Gr\u00e4ft\u00e5n-o-Tv\u00e4r\u00e5n.jpg","jetpack_sharing_enabled":true,"_links":{"self":[{"href":"https:\/\/skrivovin.se\/index.php\/wp-json\/wp\/v2\/posts\/2551","targetHints":{"allow":["GET"]}}],"collection":[{"href":"https:\/\/skrivovin.se\/index.php\/wp-json\/wp\/v2\/posts"}],"about":[{"href":"https:\/\/skrivovin.se\/index.php\/wp-json\/wp\/v2\/types\/post"}],"author":[{"embeddable":true,"href":"https:\/\/skrivovin.se\/index.php\/wp-json\/wp\/v2\/users\/2"}],"replies":[{"embeddable":true,"href":"https:\/\/skrivovin.se\/index.php\/wp-json\/wp\/v2\/comments?post=2551"}],"version-history":[{"count":30,"href":"https:\/\/skrivovin.se\/index.php\/wp-json\/wp\/v2\/posts\/2551\/revisions"}],"predecessor-version":[{"id":2581,"href":"https:\/\/skrivovin.se\/index.php\/wp-json\/wp\/v2\/posts\/2551\/revisions\/2581"}],"wp:featuredmedia":[{"embeddable":true,"href":"https:\/\/skrivovin.se\/index.php\/wp-json\/wp\/v2\/media\/848"}],"wp:attachment":[{"href":"https:\/\/skrivovin.se\/index.php\/wp-json\/wp\/v2\/media?parent=2551"}],"wp:term":[{"taxonomy":"category","embeddable":true,"href":"https:\/\/skrivovin.se\/index.php\/wp-json\/wp\/v2\/categories?post=2551"},{"taxonomy":"post_tag","embeddable":true,"href":"https:\/\/skrivovin.se\/index.php\/wp-json\/wp\/v2\/tags?post=2551"}],"curies":[{"name":"wp","href":"https:\/\/api.w.org\/{rel}","templated":true}]}}