{"id":222,"date":"2018-02-11T14:08:46","date_gmt":"2018-02-11T13:08:46","guid":{"rendered":"https:\/\/skrivovin.se\/?p=222"},"modified":"2018-02-11T14:08:46","modified_gmt":"2018-02-11T13:08:46","slug":"eira-som-inte-borde-leva","status":"publish","type":"post","link":"https:\/\/skrivovin.se\/index.php\/2018\/02\/11\/eira-som-inte-borde-leva\/","title":{"rendered":"Eira &#8211; som inte borde leva"},"content":{"rendered":"<p style=\"text-align: center;\"><strong><img loading=\"lazy\" decoding=\"async\" class=\"size-medium wp-image-224 alignleft\" src=\"https:\/\/skrivovin.se\/wp-content\/uploads\/2018\/02\/DSC_1043-2-300x200.jpg\" alt=\"\" width=\"300\" height=\"200\" srcset=\"https:\/\/skrivovin.se\/wp-content\/uploads\/2018\/02\/DSC_1043-2-300x200.jpg 300w, https:\/\/skrivovin.se\/wp-content\/uploads\/2018\/02\/DSC_1043-2-768x512.jpg 768w, https:\/\/skrivovin.se\/wp-content\/uploads\/2018\/02\/DSC_1043-2-1024x682.jpg 1024w\" sizes=\"auto, (max-width: 300px) 100vw, 300px\" \/>\u00a0<\/strong><\/p>\n<p>F\u00f6r Eira Kunze Nilsson, som \u00e4r uppv\u00e4xt i ett jordbrukarhem i T\u00e5nger\u00e5sen, \u00e4r 9 februari 1997, ett datum som f\u00f6r\u00e4ndrades hennes liv p\u00e5 ett brutalt s\u00e4tt. Hon var p\u00e5 hemv\u00e4g till Str\u00f6msund fr\u00e5n Offerdal, d\u00e4r hon hade uppvaktat sin pappa.<\/p>\n<p>N\u00e4r hon n\u00e5dde till rondellen i Krokom blev allt svart. Lastbilen, ambulansen, helikopterf\u00e4rden till Ume\u00e5 \u00e4r inget hon k\u00e4nner till, f\u00f6rutom det som andra har ber\u00e4ttat.<\/p>\n<p>H\u00e4r skulle historien ha kunnat sluta, men en fantastisk l\u00e4karinsats och en minst lika imponerande styrka och livsvilja fr\u00e5n Eiras sida har gjort att hon nu \u00e5terfinns i Str\u00f6msunds kulturliv p\u00e5 ett mycket p\u00e5tagligt s\u00e4tt.<\/p>\n<p>Vid tiden f\u00f6r olyckan arbetade hon som spr\u00e5kl\u00e4rare i Str\u00f6msund. Dessf\u00f6rinnan hade hon skaffat sig en gedigen utbildning bland annat vid universiteten i Uppsala och Link\u00f6ping.<\/p>\n<p><strong>Kollisionen<br \/>\n<\/strong>Kollisionen f\u00f6r tjugoett \u00e5r sedan var kraftig. Eiras bil, d\u00e4r \u00e4ven hennes tv\u00e5 s\u00f6ner \u00e5kte, blev totaltkvaddad och lastbilen v\u00e4lte p\u00e5 sidan. En av s\u00f6nerna fick hj\u00e4rnskakning, medan den andre klarade sig utan n\u00e5gra allvarliga fysiska skador men upplevde en chockartad mardr\u00f6m med blod \u00f6verallt.<br \/>\nInnan r\u00e4ddningsk\u00e5ren, ambulanserna och brandk\u00e5ren kommit till platsen, hade en tillskyndande kvinna hj\u00e4lpt den yngre sonen att ta sig ut ur bilen, medan en man s\u00e5g att Eira satt <img loading=\"lazy\" decoding=\"async\" class=\" wp-image-227 alignright\" src=\"https:\/\/skrivovin.se\/wp-content\/uploads\/2018\/02\/Eira-bild-olycka-001-2-e1518352956520-300x219.jpg\" alt=\"\" width=\"354\" height=\"258\" srcset=\"https:\/\/skrivovin.se\/wp-content\/uploads\/2018\/02\/Eira-bild-olycka-001-2-e1518352956520-300x219.jpg 300w, https:\/\/skrivovin.se\/wp-content\/uploads\/2018\/02\/Eira-bild-olycka-001-2-e1518352956520-768x561.jpg 768w, https:\/\/skrivovin.se\/wp-content\/uploads\/2018\/02\/Eira-bild-olycka-001-2-e1518352956520-1024x749.jpg 1024w\" sizes=\"auto, (max-width: 354px) 100vw, 354px\" \/>fastkl\u00e4md, var skalperad och knappt kunde andas, hon ber\u00e4ttar:<\/p>\n<p>&#8211; Han hade tydligen uppfattat n\u00e5got l\u00e4te fr\u00e5n mig och f\u00f6rstod att jag levde. Eftersom halsen var fastkl\u00e4md mellan ryggst\u00f6det och ratten, b\u00f6rjade han trycka ryggst\u00f6det bak\u00e5t, s\u00e5 att jag l\u00e4ttare skulle kunna andas. F\u00f6rmodligen blev det min r\u00e4ddning.<br \/>\nSkadorna, p\u00e5 en ryggkota. var omfattande och efter ankomsten till \u00d6stersunds sjukhus drabbades hon \u00e4ven av en hj\u00e4rnbl\u00f6dning. Hon fl\u00f6gs d\u00e4refter till universitetssjukhuset i Ume\u00e5 och en l\u00e5ng rad sv\u00e5ra och komplicerade operationer inleddes. Fr\u00e5n tiden i Ume\u00e5 ber\u00e4ttar hon bland annat:<\/p>\n<p>&#8211; D\u00e4r fick jag av en stroke till och nu sv\u00e4llde hj\u00e4rnan s\u00e5 att l\u00e4karna fick ta bort en del av skallbenet. Den h\u00f6lls nedfryst under ett helt \u00e5r innan den kunde s\u00e4ttas tillbaka.<\/p>\n<p><img loading=\"lazy\" decoding=\"async\" class=\"size-medium wp-image-228 alignleft\" src=\"https:\/\/skrivovin.se\/wp-content\/uploads\/2018\/02\/eira2-001-e1518353283750-300x198.jpg\" alt=\"\" width=\"300\" height=\"198\" srcset=\"https:\/\/skrivovin.se\/wp-content\/uploads\/2018\/02\/eira2-001-e1518353283750-300x198.jpg 300w, https:\/\/skrivovin.se\/wp-content\/uploads\/2018\/02\/eira2-001-e1518353283750-768x508.jpg 768w, https:\/\/skrivovin.se\/wp-content\/uploads\/2018\/02\/eira2-001-e1518353283750-1024x677.jpg 1024w\" sizes=\"auto, (max-width: 300px) 100vw, 300px\" \/><\/p>\n<p>&nbsp;<\/p>\n<p>Efter att ha h\u00e5llits ners\u00f6vd i tre veckor v\u00e4cktes hon men tvingades b\u00e4ra en st\u00e4llning f\u00f6r att fixera huvud och hals. En st\u00e4llning som gick n\u00e5gra centimeter ovanf\u00f6r hennes huvud och ner till magen.<\/p>\n<p>&nbsp;<\/p>\n<p>&nbsp;<\/p>\n<p><strong><br \/>\nV\u00e4gen tillbaka<br \/>\n<\/strong>Efter vistelsen i Ume\u00e5 b\u00f6rjade den sv\u00e5ra v\u00e4gen tillbaka till ett vanligt liv. En v\u00e4g som f\u00f6rutom sv\u00e5righeter ocks\u00e5 gett henne m\u00e5nga nya l\u00e4rdomar. En sak blev v\u00e4ldigt p\u00e5taglig f\u00f6r henne\u00a0var att j\u00e4mtskan \u00e4r hennes f\u00f6rstaspr\u00e5k. N\u00e4r hon b\u00f6rjade s\u00f6ka efter ord s\u00e5 var det j\u00e4mtska uttryck som kom f\u00f6rst:<br \/>\n&#8211; Det bara fanns d\u00e4r. N\u00e4r det g\u00e4llde \u00f6vriga spr\u00e5k fick jag b\u00f6rja tr\u00e4na ord f\u00f6r ord och mening f\u00f6r mening.<br \/>\nDet har nog att g\u00f6ra med att T\u00e5nger\u00e5sen och den j\u00e4mtl\u00e4ndska landsbygden har hela tiden funnits i hennes hj\u00e4rta. Hon har studerat och beh\u00e4rskar flera spr\u00e5k, engelska, spanska, franska och tyska, men hon har alltid betraktat j\u00e4mtskan som sitt f\u00f6rstaspr\u00e5k:<br \/>\n&#8211; S\u00e5 fort je v\u00e5l lite tr\u00f6tt s\u00e5 blare je p\u00e5 jamska, s\u00e4ger hon med ett leende.<\/p>\n<p>Hon ber\u00e4ttar ocks\u00e5 rolig episod fr\u00e5n en tid n\u00e4r hon bodde i Wales. En brevb\u00e4rare l\u00e4rde henne v\u00e4rldens l\u00e4ngsta ortsnamn. En by i Wales har ett namn som \u00e4r femtiofyra bokst\u00e4ver l\u00e5ngt och det ordet kom snabbt tillbaka:<br \/>\n&#8211; Han m\u00e5ste ha gjort ett bra jobb.<\/p>\n<p><strong>Tr\u00e4ning och \u00e5terkomst<br \/>\n<\/strong>Eira hade sjungit sedan hon var liten men n\u00e4r hon vaknade p\u00e5 Solliden och skulle f\u00f6rs\u00f6ka hitta n\u00e5gra s\u00e5ngtoner, fanns inget kvar.<br \/>\nMen hennes medvetna tr\u00e4ning av hj\u00e4rnan, bland annat genom att konsekvent leta och s\u00e4tta ihop ord, medverkade f\u00f6rmodligen till att \u00e4ven s\u00e5ngen kom tillbaka.<\/p>\n<p>Nu \u00e4r hon\u00a0med och sjunger i olika musiksammanhang, t.ex. kyrkok\u00f6ren i Str\u00f6msund, men hon sjunger \u00e4ven solo i olika sammanhang. En av hennes f\u00f6rebilder \u00e4r Edith Piaff och hon har vi n\u00e5gra tillf\u00e4llen sjungit hennes s\u00e5nger och \u00e4ven ber\u00e4ttat om henne. Hon ser sig som en \u201dsopran som g\u00e4rna tar i\u201d n\u00e4r hon sjunger:<br \/>\n&#8211; Jag hoppas att barnbarnen senare kommer att lyssna p\u00e5 hur jag sjunger och har sjungit.<\/p>\n<p>F\u00f6rutom s\u00e5ng har Eira haft alltid haft ett stort intresse f\u00f6r spr\u00e5k och efter olyckan har Eira \u00e4ven b\u00f6rjat skriva regelbundet:<br \/>\n&#8211; Det \u00e4r inget huvudintresse, men jag b\u00f6rjade med att skriva ner det jag mindes och h\u00f6rde om olyckan och v\u00e4gen tillbaka.<br \/>\nDessa anteckningar blev s\u00e5 sm\u00e5ningom en bok som heter \u201dOlyckan och v\u00e4gen tillbaka.\u201d Den beskriver, precis som titeln antyder, kraschen och hennes rehabilitering.<\/p>\n<p>Den boken f\u00f6ljdes av en bok som heter \u201dTre kvinnor ber\u00e4ttar\u201d d\u00e4r hon portr\u00e4tterar n\u00e5gra kvinnor som ber\u00e4ttat om speciella och konstiga saker som de upplevt.<br \/>\nDen tredje boken och den som blivit popul\u00e4rast bland l\u00e4sarna \u00e4r en diktsamling p\u00e5 j\u00e4mtska, \u201dN henn \u00e5 \u00b4n henna, \u00e5ss\u00e5 n\u00e5r te.\u201d<br \/>\nEira f\u00f6rs\u00f6ker att skriva en stund varje dag, vilket k\u00e4nns viktigt f\u00f6r henne.<\/p>\n<p>De flesta trodde aldrig att hon skulle \u00e5terkomma som l\u00e4rare, men det gjorde hon. Ett drygt \u00e5r efter olyckan fanns hon d\u00e4r i skolan och undervisade. Hon orkade inte arbeta heltid, men arbetade m\u00e5nga \u00e5r p\u00e5 deltid.<\/p>\n<p>F\u00f6r egen del blev jag oerh\u00f6rt fascinerad av Eira och hennes ber\u00e4ttelse. Hon har visat vad enveten tr\u00e4ning kan inneb\u00e4ra. Fr\u00e5n medvetsl\u00f6shet och \u201dn\u00e4ra d\u00f6den\u201d till att ha sjungit och medverkat i konserter\u00a0samt \u00a0och skrivit och gett ut b\u00f6cker imponerar p\u00e5 mig.<\/p>\n<p>Vill du l\u00e4sa mera om hennes \u00e5terkomst eller skrivande i \u00f6vrigt s\u00e5 kan du kontakta henne. Hennes b\u00f6cker finns ocks\u00e5 att k\u00f6pa hos aff\u00e4rerna Gamla Lanthandeln i Krokom, \u00c4nge Park i J\u00e4mtlands \u00c4nge och Gaupa i \u00d6stersund.<\/p>\n<p><img loading=\"lazy\" decoding=\"async\" class=\"alignnone size-medium wp-image-229 aligncenter\" src=\"https:\/\/skrivovin.se\/wp-content\/uploads\/2018\/02\/eira-bok-001-e1518353866945-219x300.jpg\" alt=\"\" width=\"219\" height=\"300\" srcset=\"https:\/\/skrivovin.se\/wp-content\/uploads\/2018\/02\/eira-bok-001-e1518353866945-219x300.jpg 219w, https:\/\/skrivovin.se\/wp-content\/uploads\/2018\/02\/eira-bok-001-e1518353866945-768x1054.jpg 768w, https:\/\/skrivovin.se\/wp-content\/uploads\/2018\/02\/eira-bok-001-e1518353866945-746x1024.jpg 746w\" sizes=\"auto, (max-width: 219px) 100vw, 219px\" \/><\/p>\n","protected":false},"excerpt":{"rendered":"<p>\u00a0 F\u00f6r Eira Kunze Nilsson, som \u00e4r uppv\u00e4xt i ett jordbrukarhem i T\u00e5nger\u00e5sen, \u00e4r 9 februari 1997, ett datum som f\u00f6r\u00e4ndrades hennes liv p\u00e5 ett brutalt s\u00e4tt. Hon var p\u00e5 hemv\u00e4g till Str\u00f6msund fr\u00e5n Offerdal, d\u00e4r hon hade uppvaktat sin&#8230;<\/p>\n","protected":false},"author":2,"featured_media":0,"comment_status":"open","ping_status":"open","sticky":false,"template":"","format":"standard","meta":{"jetpack_post_was_ever_published":false,"_jetpack_newsletter_access":"","_jetpack_dont_email_post_to_subs":false,"_jetpack_newsletter_tier_id":0,"_jetpack_memberships_contains_paywalled_content":false,"_jetpack_memberships_contains_paid_content":false,"footnotes":""},"categories":[8],"tags":[],"class_list":["post-222","post","type-post","status-publish","format-standard","hentry","category-runudden","no-post-thumbnail"],"jetpack_featured_media_url":"","jetpack_sharing_enabled":true,"_links":{"self":[{"href":"https:\/\/skrivovin.se\/index.php\/wp-json\/wp\/v2\/posts\/222","targetHints":{"allow":["GET"]}}],"collection":[{"href":"https:\/\/skrivovin.se\/index.php\/wp-json\/wp\/v2\/posts"}],"about":[{"href":"https:\/\/skrivovin.se\/index.php\/wp-json\/wp\/v2\/types\/post"}],"author":[{"embeddable":true,"href":"https:\/\/skrivovin.se\/index.php\/wp-json\/wp\/v2\/users\/2"}],"replies":[{"embeddable":true,"href":"https:\/\/skrivovin.se\/index.php\/wp-json\/wp\/v2\/comments?post=222"}],"version-history":[{"count":6,"href":"https:\/\/skrivovin.se\/index.php\/wp-json\/wp\/v2\/posts\/222\/revisions"}],"predecessor-version":[{"id":234,"href":"https:\/\/skrivovin.se\/index.php\/wp-json\/wp\/v2\/posts\/222\/revisions\/234"}],"wp:attachment":[{"href":"https:\/\/skrivovin.se\/index.php\/wp-json\/wp\/v2\/media?parent=222"}],"wp:term":[{"taxonomy":"category","embeddable":true,"href":"https:\/\/skrivovin.se\/index.php\/wp-json\/wp\/v2\/categories?post=222"},{"taxonomy":"post_tag","embeddable":true,"href":"https:\/\/skrivovin.se\/index.php\/wp-json\/wp\/v2\/tags?post=222"}],"curies":[{"name":"wp","href":"https:\/\/api.w.org\/{rel}","templated":true}]}}