{"id":1651,"date":"2019-06-14T14:59:13","date_gmt":"2019-06-14T12:59:13","guid":{"rendered":"https:\/\/skrivovin.se\/?p=1651"},"modified":"2019-06-14T14:59:58","modified_gmt":"2019-06-14T12:59:58","slug":"tankar-vid-skolavslutning","status":"publish","type":"post","link":"https:\/\/skrivovin.se\/index.php\/2019\/06\/14\/tankar-vid-skolavslutning\/","title":{"rendered":"Tankar vid skolavslutning"},"content":{"rendered":"\n<p><br>I dag har jag haft f\u00f6rm\u00e5nen att vara p\u00e5 skolavslutning p\u00e5 R\u00f6d\u00f6n. Avslutningen h\u00f6lls i R\u00f6d\u00f6ns fina kyrka och sk\u00f6ttes till st\u00f6rsta delen av eleverna sj\u00e4lva. <br> Jag k\u00e4nde m\u00e5nga positiva tankar under avslutningen och j\u00e4mf\u00f6rde med mina egna avslutningar f\u00f6r m\u00e5nga \u00e5r sedan. <\/p>\n\n\n\n<p>Skolan\nfr\u00e5n f\u00f6reskoleklass till \u00e5rsklass sex har f\u00f6rh\u00e5llandevis f\u00e5 elever. Jag gissar\natt det i samtliga klasser inte \u00e4r mer \u00e4n 70 \u2013 80 elever och k\u00e4nslan jag fick\n\u00e4r att det \u00e4r en fin sammanh\u00e5llning mellan eleverna i de olika klasserna.<\/p>\n\n\n\n<figure class=\"wp-block-image\"><img loading=\"lazy\" decoding=\"async\" width=\"2170\" height=\"1319\" src=\"https:\/\/i2.wp.com\/skrivovin.se\/wp-content\/uploads\/2019\/06\/20190614_094545-1.jpg?fit=640%2C389&amp;ssl=1\" alt=\"\" class=\"wp-image-1656\" srcset=\"https:\/\/skrivovin.se\/wp-content\/uploads\/2019\/06\/20190614_094545-1.jpg 2170w, https:\/\/skrivovin.se\/wp-content\/uploads\/2019\/06\/20190614_094545-1-300x182.jpg 300w, https:\/\/skrivovin.se\/wp-content\/uploads\/2019\/06\/20190614_094545-1-768x467.jpg 768w, https:\/\/skrivovin.se\/wp-content\/uploads\/2019\/06\/20190614_094545-1-1024x622.jpg 1024w\" sizes=\"auto, (max-width: 2170px) 100vw, 2170px\" \/><figcaption>Den blomstertid nu kommer<\/figcaption><\/figure>\n\n\n\n<p>Programmet imponerade och allt sk\u00f6ttes av eleverna sj\u00e4lva. Tre stycken tjejer fr\u00e5n \u00e5rsklass sex lotsade bes\u00f6karna genom programmet. Klasserna hade tr\u00e4nat in s\u00e5nger och instrumentalspel och n\u00e5gra elever sj\u00f6ng \u00e4ven solo. <\/p>\n\n\n\n<p>D\u00e4r kom min f\u00f6rsta j\u00e4mf\u00f6relse med mina avslutningar. Vi h\u00f6ll ocks\u00e5 till i kyrkan och jag har positiva minnen fr\u00e5n dagen, men inte var det m\u00e5nga elever som visade upp sig. Nej, det var rektorn, n\u00e5gon av l\u00e4rarna och pr\u00e4sten som h\u00f6ll i f\u00f6rest\u00e4llningen.  I dag fanns ingen pr\u00e4st med. <\/p>\n\n\n\n<p>Samtliga l\u00e4rare fanns givetvis p\u00e5 plats \u00e4ven idag, men endast musikl\u00e4raren hade n\u00e5gon form av uppgift, med en del ackompanjemang och att sk\u00f6ta ljudanl\u00e4ggningen.<\/p>\n\n\n\n<p>Den fina\nsammanh\u00e5llningen visades p\u00e5 m\u00e5nga s\u00e4tt och inte minst i samband med\navslutningen n\u00e4r de \u00e4ldsta eleverna \u00f6verl\u00e4mnade en ros till de barn som nu g\u00e5r\np\u00e5 dagis, men som till h\u00f6sten b\u00f6rjar f\u00f6reskoleklass. De blivande eleverna fick\nsedan st\u00e4lla sig i samlingen med alla elever n\u00e4r ceremonin avslutades med \u201dDen\nblomstertid nu kommer.\u201d<\/p>\n\n\n\n<p>Jag ser positivt p\u00e5 framtiden n\u00e4r jag ser s\u00e5dana fina ungdomar. De upptr\u00e4der och pratar t\u00e4mligen fritt och n\u00e4r n\u00e5gon av dem, vid n\u00e5gra tillf\u00e4llen sade n\u00e5got som inte st\u00e4mde, s\u00e5 konstaterade de lugnt att nu blev det fel innan de fortsatte. <br>Det \u00e4r ljus\u00e5r fr\u00e5n den s\u00e4kerhet som jag och mina j\u00e4mn\u00e5riga hade f\u00f6r m\u00e5nga \u00e5r sedan.<\/p>\n\n\n\n<p>Trots de positiva k\u00e4nslorna fr\u00e5n avslutningen, kommer givetvis ocks\u00e5 tankar om vilken framtid de g\u00e5r till m\u00f6tes. <br><br>Kommer de att leva i en v\u00e4rld som \u00e4r <strong>inkluderande<\/strong> mot personer som inte har s\u00e5 trygga hemf\u00f6rh\u00e5llanden som barnen p\u00e5 R\u00f6d\u00f6n?<\/p>\n\n\n\n<p>Kommer de att leva i en v\u00e4rld d\u00e4r <strong>klimatet<\/strong> inte f\u00f6rst\u00f6rts s\u00e5 mycket att vissa delar p\u00e5 jorden \u00e4r obeboelig?<\/p>\n\n\n\n<p>Kommer de att kunna hantera riskerna med den st\u00e4ndiga <strong>uppkopplingen<\/strong>?<\/p>\n\n\n\n<p>Kommer de att f\u00e5 leva i en lika <strong>j\u00e4mst\u00e4lld<\/strong> v\u00e4rld som dagens avslutning visade?<\/p>\n\n\n\n<figure class=\"wp-block-image\"><img loading=\"lazy\" decoding=\"async\" width=\"4032\" height=\"1960\" src=\"https:\/\/i0.wp.com\/skrivovin.se\/wp-content\/uploads\/2019\/06\/20190614_095306.jpg?fit=640%2C311&amp;ssl=1\" alt=\"\" class=\"wp-image-1652\" srcset=\"https:\/\/skrivovin.se\/wp-content\/uploads\/2019\/06\/20190614_095306.jpg 4032w, https:\/\/skrivovin.se\/wp-content\/uploads\/2019\/06\/20190614_095306-300x146.jpg 300w, https:\/\/skrivovin.se\/wp-content\/uploads\/2019\/06\/20190614_095306-768x373.jpg 768w, https:\/\/skrivovin.se\/wp-content\/uploads\/2019\/06\/20190614_095306-1024x498.jpg 1024w\" sizes=\"auto, (max-width: 4032px) 100vw, 4032px\" \/><figcaption>Kan R\u00f6d\u00f6ns fina milj\u00f6 p\u00e5verka den positiva skolmilj\u00f6n? Den h\u00e4r bilden \u00e4r fr\u00e5n kyrktrappan och sj\u00f6n som syns \u00e4r Storsj\u00f6n. Tyv\u00e4rr \u00e4r Oviksfj\u00e4llen dolda i de l\u00e5ga molnen. <\/figcaption><\/figure>\n","protected":false},"excerpt":{"rendered":"<p>I dag har jag haft f\u00f6rm\u00e5nen att vara p\u00e5 skolavslutning p\u00e5 R\u00f6d\u00f6n. Avslutningen h\u00f6lls i R\u00f6d\u00f6ns fina kyrka och sk\u00f6ttes till st\u00f6rsta delen av eleverna sj\u00e4lva. Jag k\u00e4nde m\u00e5nga positiva tankar under avslutningen och j\u00e4mf\u00f6rde med mina egna avslutningar f\u00f6r&#8230;<\/p>\n","protected":false},"author":2,"featured_media":250,"comment_status":"open","ping_status":"open","sticky":false,"template":"","format":"standard","meta":{"jetpack_post_was_ever_published":false,"_jetpack_newsletter_access":"","_jetpack_dont_email_post_to_subs":false,"_jetpack_newsletter_tier_id":0,"_jetpack_memberships_contains_paywalled_content":false,"_jetpack_memberships_contains_paid_content":false,"footnotes":""},"categories":[8],"tags":[],"class_list":["post-1651","post","type-post","status-publish","format-standard","has-post-thumbnail","hentry","category-runudden"],"jetpack_featured_media_url":"https:\/\/skrivovin.se\/wp-content\/uploads\/2018\/02\/Geting.jpg","jetpack_sharing_enabled":true,"_links":{"self":[{"href":"https:\/\/skrivovin.se\/index.php\/wp-json\/wp\/v2\/posts\/1651","targetHints":{"allow":["GET"]}}],"collection":[{"href":"https:\/\/skrivovin.se\/index.php\/wp-json\/wp\/v2\/posts"}],"about":[{"href":"https:\/\/skrivovin.se\/index.php\/wp-json\/wp\/v2\/types\/post"}],"author":[{"embeddable":true,"href":"https:\/\/skrivovin.se\/index.php\/wp-json\/wp\/v2\/users\/2"}],"replies":[{"embeddable":true,"href":"https:\/\/skrivovin.se\/index.php\/wp-json\/wp\/v2\/comments?post=1651"}],"version-history":[{"count":7,"href":"https:\/\/skrivovin.se\/index.php\/wp-json\/wp\/v2\/posts\/1651\/revisions"}],"predecessor-version":[{"id":1661,"href":"https:\/\/skrivovin.se\/index.php\/wp-json\/wp\/v2\/posts\/1651\/revisions\/1661"}],"wp:featuredmedia":[{"embeddable":true,"href":"https:\/\/skrivovin.se\/index.php\/wp-json\/wp\/v2\/media\/250"}],"wp:attachment":[{"href":"https:\/\/skrivovin.se\/index.php\/wp-json\/wp\/v2\/media?parent=1651"}],"wp:term":[{"taxonomy":"category","embeddable":true,"href":"https:\/\/skrivovin.se\/index.php\/wp-json\/wp\/v2\/categories?post=1651"},{"taxonomy":"post_tag","embeddable":true,"href":"https:\/\/skrivovin.se\/index.php\/wp-json\/wp\/v2\/tags?post=1651"}],"curies":[{"name":"wp","href":"https:\/\/api.w.org\/{rel}","templated":true}]}}