{"id":1607,"date":"2019-06-10T15:51:30","date_gmt":"2019-06-10T13:51:30","guid":{"rendered":"https:\/\/skrivovin.se\/?p=1607"},"modified":"2019-06-10T15:51:42","modified_gmt":"2019-06-10T13:51:42","slug":"varfor-ska-du-aka-till-jamtland-harjedalen","status":"publish","type":"post","link":"https:\/\/skrivovin.se\/index.php\/2019\/06\/10\/varfor-ska-du-aka-till-jamtland-harjedalen\/","title":{"rendered":"Varf\u00f6r ska du \u00e5ka till J\u00e4mtland-H\u00e4rjedalen?"},"content":{"rendered":"\n<p>De som f\u00f6ljer mig p\u00e5 bloggen, eller p\u00e5 sociala medier vet s\u00e4kert att jag \u00e4r r\u00e4tt patriotisk av mig. Jag skriver ofta om fj\u00e4llv\u00e4rlden, eller min gamla hemkommun Ragunda. Nu vidgar jag mig lite, men h\u00e5ller mig inom l\u00e4net. Jag har v\u00e4ldigt m\u00e5nga bilder i min dator och jag har, lite p\u00e5 m\u00e5f\u00e5, tagit med n\u00e5gra h\u00e4r. <br>Medvetet s\u00e5 har jag utel\u00e4mnat bilder fr\u00e5n \u00d6stersund och \u00c5re. De platserna \u00e4r s\u00e5 k\u00e4nda och f\u00e5r s\u00e5 mycket spaltutrymme \u00e4nd\u00e5. Men jag \u00e5terkommer. <br><br>Allts\u00e5 lite bilder med kompletterande text om varf\u00f6r du ska styra f\u00e4rden till mitt l\u00e4n &#8211; g\u00e4rna nu i sommar. <\/p>\n\n\n\n<p><br><\/p>\n\n\n\n<div class=\"wp-block-image\"><figure class=\"aligncenter\"><img loading=\"lazy\" decoding=\"async\" width=\"448\" height=\"318\" src=\"https:\/\/skrivovin.se\/wp-content\/uploads\/2019\/02\/Valsj\u00f6byn-natt.jpg\" alt=\"\" class=\"wp-image-1057\" srcset=\"https:\/\/skrivovin.se\/wp-content\/uploads\/2019\/02\/Valsj\u00f6byn-natt.jpg 448w, https:\/\/skrivovin.se\/wp-content\/uploads\/2019\/02\/Valsj\u00f6byn-natt-300x213.jpg 300w, https:\/\/skrivovin.se\/wp-content\/uploads\/2019\/02\/Valsj\u00f6byn-natt-321x229.jpg 321w\" sizes=\"auto, (max-width: 448px) 100vw, 448px\" \/><figcaption>En fiskenatt i norra J\u00e4mtland kan se ut s\u00e5 h\u00e4r. Det \u00e4r strax efter midsommar, klockan \u00e4r n\u00e4ra midnatt och det ligger fortfarande sn\u00f6 p\u00e5 marken. Det finns \u00e4nnu inga mygg och f\u00f6rutom n\u00e5gra vak s\u00e5 \u00e4r allt helt tyst. <\/figcaption><\/figure><\/div>\n\n\n\n<div class=\"wp-block-image\"><figure class=\"aligncenter\"><img loading=\"lazy\" decoding=\"async\" width=\"400\" height=\"202\" src=\"https:\/\/skrivovin.se\/wp-content\/uploads\/2018\/01\/tysta_stunder.jpg\" alt=\"\" class=\"wp-image-87\" srcset=\"https:\/\/skrivovin.se\/wp-content\/uploads\/2018\/01\/tysta_stunder.jpg 400w, https:\/\/skrivovin.se\/wp-content\/uploads\/2018\/01\/tysta_stunder-300x152.jpg 300w\" sizes=\"auto, (max-width: 400px) 100vw, 400px\" \/><figcaption>S\u00e5 h\u00e4r spegelblank kan Storsj\u00f6n ibland vara. M\u00e5nga s\u00e4ger att det alltid bl\u00e5ser i \u00d6stersund, men s\u00e5 \u00e4r det inte. Den h\u00e4r bilden \u00e4r fr\u00e5n Anders\u00f6n, en dryg mil fr\u00e5n stan. Ett popul\u00e4rt utflyktsm\u00e5l f\u00f6r \u00d6stersundarna och m\u00e5nga fina badvikar. <br><br><\/figcaption><\/figure><\/div>\n\n\n\n<div class=\"wp-block-image\"><figure class=\"aligncenter\"><img loading=\"lazy\" decoding=\"async\" width=\"3872\" height=\"2592\" src=\"https:\/\/i1.wp.com\/skrivovin.se\/wp-content\/uploads\/2019\/06\/Anders\u00f6n-2012-2.jpg?fit=640%2C428&amp;ssl=1\" alt=\"\" class=\"wp-image-1618\" srcset=\"https:\/\/skrivovin.se\/wp-content\/uploads\/2019\/06\/Anders\u00f6n-2012-2.jpg 3872w, https:\/\/skrivovin.se\/wp-content\/uploads\/2019\/06\/Anders\u00f6n-2012-2-300x201.jpg 300w, https:\/\/skrivovin.se\/wp-content\/uploads\/2019\/06\/Anders\u00f6n-2012-2-768x514.jpg 768w, https:\/\/skrivovin.se\/wp-content\/uploads\/2019\/06\/Anders\u00f6n-2012-2-1024x685.jpg 1024w\" sizes=\"auto, (max-width: 3872px) 100vw, 3872px\" \/><figcaption> Fr\u00e5n en annan \u00f6, Norder\u00f6n, kan du ha den h\u00e4r fantastiska utsikten mot de pampiga Oviksfj\u00e4llen som reser sig. <\/figcaption><\/figure><\/div>\n\n\n\n<p>S\u00e5 kommer n\u00e5gra bilder fr\u00e5n <strong>Ragunda<\/strong> i \u00f6stra J\u00e4mtland. Den kommun som kanske har det rikaste kulturutbudet av samtliga kommuner i l\u00e4net och som ligger vackert bel\u00e4get mellan gr\u00f6nskande och sn\u00e4lla berg. <\/p>\n\n\n\n<div class=\"wp-block-image\"><figure class=\"aligncenter\"><img loading=\"lazy\" decoding=\"async\" width=\"336\" height=\"443\" src=\"https:\/\/skrivovin.se\/wp-content\/uploads\/2018\/02\/Ragunda-gamla-kyrka.jpg\" alt=\"\" class=\"wp-image-286\" srcset=\"https:\/\/skrivovin.se\/wp-content\/uploads\/2018\/02\/Ragunda-gamla-kyrka.jpg 336w, https:\/\/skrivovin.se\/wp-content\/uploads\/2018\/02\/Ragunda-gamla-kyrka-228x300.jpg 228w\" sizes=\"auto, (max-width: 336px) 100vw, 336px\" \/><figcaption>Ragunda gamla kyrka som uppf\u00f6rdes i sin nuvarande form i slutet av 1400-talet. Det finns uppgifter om en \u00e4nnu \u00e4ldre kyrkobyggnad, fr\u00e5n troligtvis 1100 -talet, men det \u00e4r nog inte denna. Den h\u00e4r kyrkan ligger vackert med utsikt \u00f6ver Indals\u00e4lven. <br><br><\/figcaption><\/figure><\/div>\n\n\n\n<div class=\"wp-block-image\"><figure class=\"aligncenter\"><img loading=\"lazy\" decoding=\"async\" width=\"448\" height=\"336\" src=\"https:\/\/skrivovin.se\/wp-content\/uploads\/2019\/01\/Thail\u00e4ndska-Paviljongen.jpg\" alt=\"\" class=\"wp-image-1040\" srcset=\"https:\/\/skrivovin.se\/wp-content\/uploads\/2019\/01\/Thail\u00e4ndska-Paviljongen.jpg 448w, https:\/\/skrivovin.se\/wp-content\/uploads\/2019\/01\/Thail\u00e4ndska-Paviljongen-300x225.jpg 300w\" sizes=\"auto, (max-width: 448px) 100vw, 448px\" \/><figcaption>En fantastisk byggnad i Utanede, Bispg\u00e5rden som invigdes 1999 till minne av Kung Chulalongkorn minne. Bakgrunden till byggnaden \u00e4r en fantastisk historia. Det var en grupp thail\u00e4ndska dansare p\u00e5 bes\u00f6k i kommunen som fick h\u00f6ra att kung Chulalongkorn en g\u00e5ng varit d\u00e4r.  De best\u00e4mde sig att starta en insamling f\u00f6r att bygga en paviljong och nu finns den f\u00f6r besk\u00e5dande. <\/figcaption><\/figure><\/div>\n\n\n\n<div class=\"wp-block-image\"><figure class=\"aligncenter is-resized\"><img loading=\"lazy\" decoding=\"async\" src=\"https:\/\/skrivovin.se\/wp-content\/uploads\/2019\/01\/D\u00f6da-Fallet.jpg\" alt=\"\" class=\"wp-image-1038\" width=\"448\" height=\"336\" srcset=\"https:\/\/skrivovin.se\/wp-content\/uploads\/2019\/01\/D\u00f6da-Fallet.jpg 448w, https:\/\/skrivovin.se\/wp-content\/uploads\/2019\/01\/D\u00f6da-Fallet-300x225.jpg 300w\" sizes=\"auto, (max-width: 448px) 100vw, 448px\" \/><figcaption>   <br> D\u00f6da fallet, med sina fantastiska j\u00e4ttegrytor \u00e4r namnet p\u00e5 det torrlagda vattenfall. som tidigare hette Storforsen.  Det uppkom genom att Indals\u00e4lven mellan den 6 och 7 juni 1796 tog en ny f\u00e5ra efter att ha brutit igenom den sand\u00e5s som d\u00e4mt upp \u00e4lven och bildat Ragundasj\u00f6n. <br> Genombrottet skedde efter ett of\u00f6rsiktigt gr\u00e4vningsarbete i \u00e5sen f\u00f6r att \u00e5stadkomma en flottled.<br>D\u00f6da Fallet och Thail\u00e4ndska Paviljongen ligger bara tv\u00e5 mil ifr\u00e5n varandra. <br>Vid fallet finns en vridscen d\u00e4r det varje sommar uppf\u00f6rs olika sk\u00e5despel. I sommar spelas <strong>Dunderklumpen<\/strong>.     <\/figcaption><\/figure><\/div>\n\n\n\n<figure class=\"wp-block-image\"><img loading=\"lazy\" decoding=\"async\" width=\"1024\" height=\"512\" src=\"https:\/\/skrivovin.se\/wp-content\/uploads\/2019\/01\/20160830_113604-1024x512.jpg\" alt=\"\" class=\"wp-image-1041\" srcset=\"https:\/\/skrivovin.se\/wp-content\/uploads\/2019\/01\/20160830_113604-1024x512.jpg 1024w, https:\/\/skrivovin.se\/wp-content\/uploads\/2019\/01\/20160830_113604-300x150.jpg 300w, https:\/\/skrivovin.se\/wp-content\/uploads\/2019\/01\/20160830_113604-768x384.jpg 768w\" sizes=\"auto, (max-width: 1024px) 100vw, 1024px\" \/><\/figure>\n\n\n\n<p style=\"text-align:center\"><strong>Kr\u00e5ngede museum<\/strong> \u00e4r ett annorlunda upplevelsemuseum, d\u00e4r du f\u00e5r uppleva mycket av den tidsanda som g\u00e4llde under tiden n\u00e4r kraftverket byggdes. Bygget p\u00e5gick i flera \u00e5rtionden och stod klart p\u00e5 fyrtiotalet. <br>Du hittar, film och fotoutst\u00e4llning. Upplev hur det var att arbeta som vattenrallare, bergspr\u00e4ngare och dykare. <br>Mycket bes\u00f6ksv\u00e4rt. <\/p>\n\n\n\n<figure class=\"wp-block-image\"><img loading=\"lazy\" decoding=\"async\" width=\"1024\" height=\"870\" src=\"https:\/\/skrivovin.se\/wp-content\/uploads\/2019\/01\/DSC_0675-1024x870.jpg\" alt=\"\" class=\"wp-image-1042\" srcset=\"https:\/\/skrivovin.se\/wp-content\/uploads\/2019\/01\/DSC_0675-1024x870.jpg 1024w, https:\/\/skrivovin.se\/wp-content\/uploads\/2019\/01\/DSC_0675-300x255.jpg 300w, https:\/\/skrivovin.se\/wp-content\/uploads\/2019\/01\/DSC_0675-768x653.jpg 768w\" sizes=\"auto, (max-width: 1024px) 100vw, 1024px\" \/><\/figure>\n\n\n\n<p style=\"text-align:center\">F\u00f6r den fiskeintresserade finns ett riktigt sportfiskeeldorado i Ammer\u00e5n. Ett av landets b\u00e4sta harr- och \u00f6ringsfiskevatten. Ammer\u00e5n r\u00e4ddades fr\u00e5n att \u00f6verledas till Indals\u00e4lven f\u00f6r omkring tjugofem \u00e5r sedan. Olika eldsj\u00e4lar har d\u00e4refter arbetat of\u00f6rtrutet f\u00f6r att f\u00f6rb\u00e4ttra fisket<strong>. Ammer\u00e5ns fiskecamp <\/strong>har allt du beh\u00f6ver f\u00f6r att f\u00e5 n\u00e5gra dagars fint fiske: https:\/\/www.ammeransfiskecamp.se\/<\/p>\n\n\n\n<p>Fr\u00e5n Ragunda tar vi oss vidare till <strong>Krokoms<\/strong> kommun. Som i alla kommuner finns mycket att uppleva, men jag fastnar f\u00f6r en historisk plats, n\u00e4mligen <strong>Gl\u00f6sa \u00c4lgrike. <\/strong><\/p>\n\n\n\n<div class=\"wp-block-image\"><figure class=\"alignleft\"><img loading=\"lazy\" decoding=\"async\" width=\"886\" height=\"1024\" src=\"https:\/\/skrivovin.se\/wp-content\/uploads\/2018\/06\/DSC_1458-886x1024.jpg\" alt=\"\" class=\"wp-image-644\" srcset=\"https:\/\/skrivovin.se\/wp-content\/uploads\/2018\/06\/DSC_1458-886x1024.jpg 886w, https:\/\/skrivovin.se\/wp-content\/uploads\/2018\/06\/DSC_1458-260x300.jpg 260w, https:\/\/skrivovin.se\/wp-content\/uploads\/2018\/06\/DSC_1458-768x887.jpg 768w\" sizes=\"auto, (max-width: 886px) 100vw, 886px\" \/><figcaption>    <br><strong>Gl\u00f6sa \u00c4lgriket<\/strong> \u00e4r ett unikt friluftsmuseum d\u00e4r du f\u00e5r m\u00f6jlighet att uppleva:<br> H\u00e4llristningar &#8211; som \u00e4r 6000-5000 \u00e5r gamla.<br> \u00c4lgklanens viste &#8211; som ger inblick i f\u00e5ngstfolkets vardagsliv f\u00f6r 6000-5000 \u00e5r sedan.<br> F\u00e5ngstgropar f\u00f6r \u00e4lg &#8211; i en utst\u00e4llning och vid riktiga f\u00e5ngstgropar.<br>Se mera p\u00e5; http:\/\/www.glosaalgriket.se\/<br><\/figcaption><\/figure><\/div>\n\n\n\n<figure class=\"wp-block-image\"><img loading=\"lazy\" decoding=\"async\" width=\"1024\" height=\"822\" src=\"https:\/\/skrivovin.se\/wp-content\/uploads\/2018\/11\/Dromsk\u00e5ran-1024x822.jpg\" alt=\"\" class=\"wp-image-889\" srcset=\"https:\/\/skrivovin.se\/wp-content\/uploads\/2018\/11\/Dromsk\u00e5ran-1024x822.jpg 1024w, https:\/\/skrivovin.se\/wp-content\/uploads\/2018\/11\/Dromsk\u00e5ran-300x241.jpg 300w, https:\/\/skrivovin.se\/wp-content\/uploads\/2018\/11\/Dromsk\u00e5ran-768x617.jpg 768w\" sizes=\"auto, (max-width: 1024px) 100vw, 1024px\" \/><figcaption><strong>Dromsk\u00e5ran<\/strong> i Oviksfj\u00e4llen, n\u00e5r du fr\u00e5n Bydalen. Den delen av fj\u00e4llkedjan ligger faktiskt i \u00c5re kommun, men \u00e4r starkt f\u00f6rknippad med Oviksfj\u00e4llen, som i \u00f6vrigt tillh\u00f6r Bergs kommun. <br>Dromsk\u00e5ran \u00e4r en canjon, n\u00e4stan en kilometer l\u00e5ng, och mer \u00e4n femtio meter djup. En l\u00e4mplig dagsutflykt dit \u00e4ven barn kan f\u00f6lja med p\u00e5 vandringen.  <\/figcaption><\/figure>\n\n\n\n<figure class=\"wp-block-image\"><img loading=\"lazy\" decoding=\"async\" width=\"2225\" height=\"2929\" src=\"https:\/\/i1.wp.com\/skrivovin.se\/wp-content\/uploads\/2019\/06\/2015-08-16-12.00.16.jpg?fit=640%2C842&amp;ssl=1\" alt=\"\" class=\"wp-image-1610\" srcset=\"https:\/\/skrivovin.se\/wp-content\/uploads\/2019\/06\/2015-08-16-12.00.16.jpg 2225w, https:\/\/skrivovin.se\/wp-content\/uploads\/2019\/06\/2015-08-16-12.00.16-228x300.jpg 228w, https:\/\/skrivovin.se\/wp-content\/uploads\/2019\/06\/2015-08-16-12.00.16-768x1011.jpg 768w, https:\/\/skrivovin.se\/wp-content\/uploads\/2019\/06\/2015-08-16-12.00.16-778x1024.jpg 778w\" sizes=\"auto, (max-width: 2225px) 100vw, 2225px\" \/><figcaption>Om du stannar n\u00e5gra dagar i och omkring Oviksfj\u00e4llen, kan du ta n\u00e5gra timmar och f\u00e5 s\u00e5dan h\u00e4r sk\u00f6rd. <\/figcaption><\/figure>\n\n\n\n<figure class=\"wp-block-image\"><img loading=\"lazy\" decoding=\"async\" width=\"3072\" height=\"3072\" src=\"https:\/\/i2.wp.com\/skrivovin.se\/wp-content\/uploads\/2019\/06\/IMG_20160720_110816.jpg?fit=640%2C640&amp;ssl=1\" alt=\"\" class=\"wp-image-1611\" srcset=\"https:\/\/skrivovin.se\/wp-content\/uploads\/2019\/06\/IMG_20160720_110816.jpg 3072w, https:\/\/skrivovin.se\/wp-content\/uploads\/2019\/06\/IMG_20160720_110816-150x150.jpg 150w, https:\/\/skrivovin.se\/wp-content\/uploads\/2019\/06\/IMG_20160720_110816-300x300.jpg 300w, https:\/\/skrivovin.se\/wp-content\/uploads\/2019\/06\/IMG_20160720_110816-768x768.jpg 768w, https:\/\/skrivovin.se\/wp-content\/uploads\/2019\/06\/IMG_20160720_110816-1024x1024.jpg 1024w\" sizes=\"auto, (max-width: 3072px) 100vw, 3072px\" \/><figcaption>En gammal f\u00e4bodvall i <strong>Gr\u00e4ft\u00e5vallen <\/strong>kan se ut s\u00e5 h\u00e4r p\u00e5 sommaren. <\/figcaption><\/figure>\n\n\n\n<div class=\"wp-block-image\"><figure class=\"aligncenter\"><img loading=\"lazy\" decoding=\"async\" width=\"4128\" height=\"3096\" src=\"https:\/\/i0.wp.com\/skrivovin.se\/wp-content\/uploads\/2019\/06\/2018-09-02-15.06.06.jpg?fit=640%2C480&amp;ssl=1\" alt=\"\" class=\"wp-image-1612\" srcset=\"https:\/\/skrivovin.se\/wp-content\/uploads\/2019\/06\/2018-09-02-15.06.06.jpg 4128w, https:\/\/skrivovin.se\/wp-content\/uploads\/2019\/06\/2018-09-02-15.06.06-300x225.jpg 300w, https:\/\/skrivovin.se\/wp-content\/uploads\/2019\/06\/2018-09-02-15.06.06-768x576.jpg 768w, https:\/\/skrivovin.se\/wp-content\/uploads\/2019\/06\/2018-09-02-15.06.06-1024x768.jpg 1024w\" sizes=\"auto, (max-width: 4128px) 100vw, 4128px\" \/><figcaption>En str\u00e4vsam fj\u00e4llbj\u00f6rk hittar du p\u00e5 Gr\u00e5h\u00f6sen i <strong>Gr\u00e4ft\u00e5vallen<\/strong><\/figcaption><\/figure><\/div>\n\n\n\n<figure class=\"wp-block-image\"><img loading=\"lazy\" decoding=\"async\" width=\"3072\" height=\"2304\" src=\"https:\/\/i1.wp.com\/skrivovin.se\/wp-content\/uploads\/2019\/06\/Renar-p\u00e5-fj\u00e4llet-mot-horisonten.jpg?fit=640%2C480&amp;ssl=1\" alt=\"\" class=\"wp-image-1616\" srcset=\"https:\/\/skrivovin.se\/wp-content\/uploads\/2019\/06\/Renar-p\u00e5-fj\u00e4llet-mot-horisonten.jpg 3072w, https:\/\/skrivovin.se\/wp-content\/uploads\/2019\/06\/Renar-p\u00e5-fj\u00e4llet-mot-horisonten-300x225.jpg 300w, https:\/\/skrivovin.se\/wp-content\/uploads\/2019\/06\/Renar-p\u00e5-fj\u00e4llet-mot-horisonten-768x576.jpg 768w, https:\/\/skrivovin.se\/wp-content\/uploads\/2019\/06\/Renar-p\u00e5-fj\u00e4llet-mot-horisonten-1024x768.jpg 1024w\" sizes=\"auto, (max-width: 3072px) 100vw, 3072px\" \/><figcaption>Nyfikna och eleganta renar kommer och bes\u00f6ker dig p\u00e5 <strong>\u00d6sterfj\u00e4lle<\/strong>t. <br><br><br><strong>H\u00e4rjedalen<\/strong> \u00e4r landskapet som ocks\u00e5 \u00e4r en enda kommun och absolut v\u00e4rt ett bes\u00f6k. N\u00e5gra nedslag h\u00e4r.<\/figcaption><\/figure>\n\n\n\n<figure class=\"wp-block-image\"><img loading=\"lazy\" decoding=\"async\" width=\"4352\" height=\"2904\" src=\"https:\/\/i2.wp.com\/skrivovin.se\/wp-content\/uploads\/2019\/06\/IMG_1601.jpg?fit=640%2C427&amp;ssl=1\" alt=\"\" class=\"wp-image-1609\" srcset=\"https:\/\/skrivovin.se\/wp-content\/uploads\/2019\/06\/IMG_1601.jpg 4352w, https:\/\/skrivovin.se\/wp-content\/uploads\/2019\/06\/IMG_1601-300x200.jpg 300w, https:\/\/skrivovin.se\/wp-content\/uploads\/2019\/06\/IMG_1601-768x512.jpg 768w, https:\/\/skrivovin.se\/wp-content\/uploads\/2019\/06\/IMG_1601-1024x683.jpg 1024w\" sizes=\"auto, (max-width: 4352px) 100vw, 4352px\" \/><figcaption>Det pampiga <strong>Helagsmassivet<\/strong> \u00e4r v\u00e4rt att sk\u00e5da. Den h\u00e4r bilden \u00e4r tagen fr\u00e5n <strong>Flatruet<\/strong>, d\u00e4r du kan \u00e5ka p\u00e5 Sveriges h\u00f6gst bel\u00e4gna landsv\u00e4g. F\u00f6r den vandringssugne \u00e4r Helags ett mycket bra m\u00e5l. Du hittar \u00f6vernattningsm\u00f6jlighet och en fantastisk utsikt. <br><br><\/figcaption><\/figure>\n\n\n\n<div class=\"wp-block-image\"><figure class=\"aligncenter\"><img loading=\"lazy\" decoding=\"async\" width=\"3072\" height=\"2304\" src=\"https:\/\/i0.wp.com\/skrivovin.se\/wp-content\/uploads\/2019\/06\/DSC03191.jpg?fit=640%2C480&amp;ssl=1\" alt=\"\" class=\"wp-image-1615\" srcset=\"https:\/\/skrivovin.se\/wp-content\/uploads\/2019\/06\/DSC03191.jpg 3072w, https:\/\/skrivovin.se\/wp-content\/uploads\/2019\/06\/DSC03191-300x225.jpg 300w, https:\/\/skrivovin.se\/wp-content\/uploads\/2019\/06\/DSC03191-768x576.jpg 768w, https:\/\/skrivovin.se\/wp-content\/uploads\/2019\/06\/DSC03191-1024x768.jpg 1024w\" sizes=\"auto, (max-width: 3072px) 100vw, 3072px\" \/><figcaption>Och \u00e4r du i H\u00e4rjedalen ska du givetvis stanna f\u00f6r i <strong>T\u00e4nn\u00e4s<\/strong> och h\u00e4lsa p\u00e5 de h\u00e4r urtidsdjuren, Myskoxarna. <\/figcaption><\/figure><\/div>\n\n\n\n<figure class=\"wp-block-image\"><img loading=\"lazy\" decoding=\"async\" width=\"3072\" height=\"2304\" src=\"https:\/\/i0.wp.com\/skrivovin.se\/wp-content\/uploads\/2019\/06\/Kantareller-2-i-korgar.jpg?fit=640%2C480&amp;ssl=1\" alt=\"\" class=\"wp-image-1617\" srcset=\"https:\/\/skrivovin.se\/wp-content\/uploads\/2019\/06\/Kantareller-2-i-korgar.jpg 3072w, https:\/\/skrivovin.se\/wp-content\/uploads\/2019\/06\/Kantareller-2-i-korgar-300x225.jpg 300w, https:\/\/skrivovin.se\/wp-content\/uploads\/2019\/06\/Kantareller-2-i-korgar-768x576.jpg 768w, https:\/\/skrivovin.se\/wp-content\/uploads\/2019\/06\/Kantareller-2-i-korgar-1024x768.jpg 1024w\" sizes=\"auto, (max-width: 3072px) 100vw, 3072px\" \/><figcaption>Och om du \u00e4nd\u00e5 \u00e4r i H\u00e4rjedalen p\u00e5 sensommaren, d\u00e5 kan du passera <strong>Ramundberget<\/strong> och hitta en s\u00e5n h\u00e4r sk\u00f6rd. <br><br><\/figcaption><\/figure>\n\n\n\n<div class=\"wp-block-image\"><figure class=\"aligncenter\"><img loading=\"lazy\" decoding=\"async\" width=\"3872\" height=\"2592\" src=\"https:\/\/i1.wp.com\/skrivovin.se\/wp-content\/uploads\/2019\/06\/DSC_1217.jpg?fit=640%2C428&amp;ssl=1\" alt=\"\" class=\"wp-image-1614\" srcset=\"https:\/\/skrivovin.se\/wp-content\/uploads\/2019\/06\/DSC_1217.jpg 3872w, https:\/\/skrivovin.se\/wp-content\/uploads\/2019\/06\/DSC_1217-300x201.jpg 300w, https:\/\/skrivovin.se\/wp-content\/uploads\/2019\/06\/DSC_1217-768x514.jpg 768w, https:\/\/skrivovin.se\/wp-content\/uploads\/2019\/06\/DSC_1217-1024x685.jpg 1024w\" sizes=\"auto, (max-width: 3872px) 100vw, 3872px\" \/><figcaption>Ett nedslag i v\u00e4stra J\u00e4mtland, kan ge den h\u00e4r utsikten. <strong>T\u00e4nnforsen<\/strong>, som \u00e4r v\u00e4rd ett bes\u00f6k b\u00e5de sommar och vinter. Vild, farlig och vacker. <\/figcaption><\/figure><\/div>\n\n\n\n<div class=\"wp-block-image\"><figure class=\"aligncenter\"><img loading=\"lazy\" decoding=\"async\" width=\"448\" height=\"336\" src=\"https:\/\/skrivovin.se\/wp-content\/uploads\/2018\/10\/T-p\u00e5-rygg-Gr\u00e5h\u00f6set.jpg\" alt=\"\" class=\"wp-image-859\" srcset=\"https:\/\/skrivovin.se\/wp-content\/uploads\/2018\/10\/T-p\u00e5-rygg-Gr\u00e5h\u00f6set.jpg 448w, https:\/\/skrivovin.se\/wp-content\/uploads\/2018\/10\/T-p\u00e5-rygg-Gr\u00e5h\u00f6set-300x225.jpg 300w\" sizes=\"auto, (max-width: 448px) 100vw, 448px\" \/><figcaption>Men kom ih\u00e5g. <br>Oavsett var du bes\u00f6ker v\u00e5r fina natur, s\u00e5 \u00e4r en stund i ryggl\u00e4ge ett m\u00e5ste. Studera molnen, lyssna p\u00e5 tystnaden och njut. <br><br><strong>Jag f\u00f6resl\u00e5r att du g\u00f6r ett bes\u00f6k n\u00e5gonstans i l\u00e4net.<\/strong> <\/figcaption><\/figure><\/div>\n","protected":false},"excerpt":{"rendered":"<p>De som f\u00f6ljer mig p\u00e5 bloggen, eller p\u00e5 sociala medier vet s\u00e4kert att jag \u00e4r r\u00e4tt patriotisk av mig. Jag skriver ofta om fj\u00e4llv\u00e4rlden, eller min gamla hemkommun Ragunda. Nu vidgar jag mig lite, men h\u00e5ller mig inom l\u00e4net. Jag&#8230;<\/p>\n","protected":false},"author":2,"featured_media":1609,"comment_status":"open","ping_status":"open","sticky":false,"template":"","format":"standard","meta":{"jetpack_post_was_ever_published":false,"_jetpack_newsletter_access":"","_jetpack_dont_email_post_to_subs":false,"_jetpack_newsletter_tier_id":0,"_jetpack_memberships_contains_paywalled_content":false,"_jetpack_memberships_contains_paid_content":false,"footnotes":""},"categories":[8],"tags":[],"class_list":["post-1607","post","type-post","status-publish","format-standard","has-post-thumbnail","hentry","category-runudden"],"jetpack_featured_media_url":"https:\/\/skrivovin.se\/wp-content\/uploads\/2019\/06\/IMG_1601.jpg","jetpack_sharing_enabled":true,"_links":{"self":[{"href":"https:\/\/skrivovin.se\/index.php\/wp-json\/wp\/v2\/posts\/1607","targetHints":{"allow":["GET"]}}],"collection":[{"href":"https:\/\/skrivovin.se\/index.php\/wp-json\/wp\/v2\/posts"}],"about":[{"href":"https:\/\/skrivovin.se\/index.php\/wp-json\/wp\/v2\/types\/post"}],"author":[{"embeddable":true,"href":"https:\/\/skrivovin.se\/index.php\/wp-json\/wp\/v2\/users\/2"}],"replies":[{"embeddable":true,"href":"https:\/\/skrivovin.se\/index.php\/wp-json\/wp\/v2\/comments?post=1607"}],"version-history":[{"count":29,"href":"https:\/\/skrivovin.se\/index.php\/wp-json\/wp\/v2\/posts\/1607\/revisions"}],"predecessor-version":[{"id":1647,"href":"https:\/\/skrivovin.se\/index.php\/wp-json\/wp\/v2\/posts\/1607\/revisions\/1647"}],"wp:featuredmedia":[{"embeddable":true,"href":"https:\/\/skrivovin.se\/index.php\/wp-json\/wp\/v2\/media\/1609"}],"wp:attachment":[{"href":"https:\/\/skrivovin.se\/index.php\/wp-json\/wp\/v2\/media?parent=1607"}],"wp:term":[{"taxonomy":"category","embeddable":true,"href":"https:\/\/skrivovin.se\/index.php\/wp-json\/wp\/v2\/categories?post=1607"},{"taxonomy":"post_tag","embeddable":true,"href":"https:\/\/skrivovin.se\/index.php\/wp-json\/wp\/v2\/tags?post=1607"}],"curies":[{"name":"wp","href":"https:\/\/api.w.org\/{rel}","templated":true}]}}